{"id":1084,"date":"2013-10-11T08:35:00","date_gmt":"2013-10-11T06:35:00","guid":{"rendered":"http:\/\/www.lukow-historia.pl\/?p=1084"},"modified":"2013-10-22T08:41:18","modified_gmt":"2013-10-22T06:41:18","slug":"dworzec-kolejowy-w-lukowie","status":"publish","type":"post","link":"https:\/\/www.lukow-historia.pl\/?p=1084","title":{"rendered":"Dworzec Kolejowy w \u0141ukowie"},"content":{"rendered":"<h5>Rys Historii Kolei<\/h5>\n<p style=\"text-align: justify\">Wiek dziewi\u0119tnasty zwany jest cz\u0119sto wiekiem olbrzymiego rozwoju technicznego, wiekiem odkry\u0107 &#8211; wiekiem wynalazk\u00f3w. Przyczyn\u0105 tego zjawiska by\u0142 szybki niespotykany dot\u0105d rozw\u00f3j przemys\u0142u i handlu. Konsekwencj\u0105 za\u015b potrzeba skonstruowania nowego \u015brodka lokomocji transportuj\u0105cego olbrzymi\u0105 mas\u0119 surowc\u00f3w i nowo powsta\u0142ych surowc\u00f3w i wyrob\u00f3w. Prac\u0119 nad rozwi\u0105zaniem tego problemu na szerok\u0105 skale prowadzono w Wielkiej Brytanii. Tam powsta\u0142y na pocz\u0105tku dziewi\u0119tnastego wieku najwi\u0119ksze mo\u017cliwo\u015bci i najwi\u0119ksza konieczno\u015b\u0107 rozwi\u0105zania tego zagadnienia. W 1829 roku do pr\u00f3b staj\u0105 lokomotywy: Cycloped, Novelty (en. Nowo\u015b\u0107), Perseverance (en. Wytrwa\u0142o\u015b\u0107), Rocket (en. Rakieta) i Sans Pareil (fr. Niezr\u00f3wnana), zwyci\u0119sko wychodzi z tych zmaga\u0144  Rocket George&#8217;a Stephensona i ona staje si\u0119 schematem modelowym budowy ognistych, parowych koni. Nast\u0119pne lata przynosz\u0105 znaczne doskonalenie lokomotyw. Kolei notuje gwa\u0142towny rozw\u00f3j, poeta ujmuje to tak:\n<\/p>\n<p style=\"text-align: center\"><em>Nied\u0142ugo ju\u017c, ziemi\u0119 ca\u0142\u0105<br \/>\n\u017celaznych szyn opasze sie\u0107<br \/>\nW zak\u0105tku ka\u017cdym lokomotyw<br \/>\nOgnisty rumak b\u0119dzie grzmie\u0107<\/em>\n<\/p>\n<p style=\"text-align: justify\">I rumak grzmia\u0142, w Europie, Ameryce, Azji w dziewi\u0119tnastym wieku powstaje sie\u0107 paj\u0119cza dr\u00f3g \u017celaznych, kt\u00f3ra umo\u017cliwia bujny rozw\u00f3j gospodarczy, zmienia oblicze spo\u0142eczno &#8211; kulturalne okolic w kt\u00f3rych si\u0119 pojawia. Nowo\u015b\u0107 ta dociera na ziemie polskie n\u0119kane przez wrog\u0105 polityk\u0119 gospodarczo &#8211; spo\u0142eczn\u0105 zaborc\u00f3w.<\/p>\n<p style=\"text-align: justify\">Miejscowa prasa zach\u0119ca do budowy dr\u00f3g \u017celaznych, szczeg\u00f3lnym rozg\u0142osem cieszy\u0142y si\u0119 artyku\u0142y M. \u0141awickiego w &#8220;Dzienniku Wile\u0144skim&#8221; z lat 1825-1826.<\/p>\n<p style=\"text-align: justify\">Ta kampania propagandowa sprawi\u0142a, \u017ce w 1840 roku Towarzystwo Drogi \u017belaznej Warszawsko-Wiede\u0144skiej przyst\u0119puje do budowy, ko\u0144cz\u0105c j\u0105 w 1845 roku. Za ni\u0105 pod\u0105\u017caj\u0105 inne inwestycje. W latach 60-tych dziewi\u0119tnastego wieku kolej dociera do naszego miasta.<\/p>\n<h5>Kolej w \u0141ukowie<\/h5>\n<p style=\"text-align: justify\">Budowa kolei na ziemiach polskich w latach 60-tych i 70-tych dziewi\u0119tnastego wieku pozostawa\u0142a w r\u0119kach prywatnych. By\u0142 to intratny interes, daj\u0105cy krociowe zyski na ka\u017cdym etapie budowy, a w przypadku uzyskania gwarancji rz\u0105dowej r\u00f3wnie\u017c w czasie deficytowej eksploatacji linii.<\/p>\n<p style=\"text-align: justify\">W 1862 roku zaistnia\u0142a dogodna sytuacja gospodarczo-polityczna do budowy linii kolejowej Warszawa-Terespol. Zosta\u0142 powo\u0142any komitet za\u0142o\u017cycielski kolei \u017celaznej z Warszawy do Buga. Zaprojektowana linia mia\u0142a przebiega\u0107 w jednym z trzech kierunk\u00f3w. Pierwszy bieg\u0142 przez: Osieck, St\u0119\u017cyc\u0119 do D\u0119blina, drugi: Mi\u0144sk, Parysew, \u017belech\u00f3w do Baranowa, trzeci: Mi\u0144sk, Siedlce, \u0141uk\u00f3w, Radzy\u0144, Lubart\u00f3w do Lublina. Wybrano trzeci kierunek modyfikuj\u0105c go nieco. Inwestycj\u0119 finansowa\u0142 Kroneberg przy poparciu hrabiego Berga. Koncesj\u0119 na budow\u0119 kolei nazwanej Warszawsko-Terespolsk\u0105 wydano 21.10.1864 r. G\u0142\u00f3wnym projektantem i dyrektorem technicznym budowy by\u0142 in\u017cynier Tadeusz Chrzanowski. W swej pracy wykorzysta\u0142 studia terenowe i projekty wykonane dla kolei Warszawa-\u0141uk\u00f3w<\/p>\n<p style=\"text-align: justify\">Kolei Warszawa-Terespol zosta\u0142a otwarta 18.09.1867 r. Do \u0141ukowa dotar\u0142a nieco wcze\u015bniej wed\u0142ug Majewskiego na prze\u0142omie 1866 i 1867 roku. F. Filipek <em>(&#8220;Kolej Warszawsko-Terespolska&#8221; Warszawa 1972 r.)<\/em> m\u00f3wi o etapowym otwieraniu linii Siedlce-\u0141uk\u00f3w: 19.11 &#8211; 01.12.1866 r.<\/p>\n<p style=\"text-align: justify\">By\u0142a to pierwsza linia kolejowa w \u0141ukowie ale nie jedyna. Ju\u017c 03.02.1873 r. postanowiono wybudowa\u0107 lini\u0119 \u0142\u0105cz\u0105c\u0105 twierdz\u0119 w D\u0119blinie (Iwanogr\u00f3d) z twierdz\u0105 w Brze\u015bciu przez \u0141uk\u00f3w. Koniec budowy datuje Majewski na 1880 r. Nast\u0119pn\u0105 lini\u0105 by\u0142a trasa \u0141uk\u00f3w-Lublin, mia\u0142a ona na celu po\u0142\u0105czy\u0107 p\u00f3\u0142nocne ziemie polskie z po\u0142udniem. Zbudowano j\u0105 w 1898 roku. Naczelnym dyrektorem rob\u00f3t by\u0142 in\u017cynier Aleksander Go\u0142\u0119biewski. Trzy wa\u017cne po\u0142\u0105czenia z g\u0142\u00f3wnymi w\u0119z\u0142ami kolejowymi to bardzo du\u017co na \u00f3wczesne warunki i to powoduje zmian\u0119 oblicza miasta. <\/p>\n<h5> Budowa i eksploatacja dworca w latach 1866-1918. <\/h5>\n<p style=\"text-align: justify\">Linie kolejowe szczeg\u00f3lnie za\u015b Warszawsko-Terespolska sprawi\u0142y, \u017ce w \u0141ukowie istnia\u0142a potrzeba wybudowania du\u017cego, wygodnego, funkcjonalnego budynku dworca kolejowego. Literatura wskazuje na powstanie gmachu r\u00f3wnocze\u015bnie ze stadiami budowy czyli w latach 1866-1867. Stacje od Pragi do \u0141ukowa oddano do u\u017cytku w ci\u0105gu 1866 r., ale ostatecznie zako\u0144czenie rob\u00f3t nast\u0105pi\u0142o w rok p\u00f3\u017aniej.<\/p>\n<p style=\"text-align: justify\">~ Opis budynku wed\u0142ug S. Filipka (<em>&#8220;Kolej Warszawsko-Terespolska&#8221;<\/em> Warszawa 1972 r.):<\/p>\n<p style=\"text-align: justify\">&#8220;By\u0142a ona do\u015b\u0107 du\u017ca i wygodna. W pierwszej kondygnacji murowanego dwupi\u0119trowego budynku dla pasa\u017cer\u00f3w znajdowa\u0142y si\u0119 wszelkie niezb\u0119dne urz\u0105dzenia dla ruchu pasa\u017cerskiego, w tej liczbie, w tym toaleta dla pa\u0144. W drugiej kondygnacji by\u0142y mieszkania dla pracownik\u00f3w kolei.&#8221;<\/p>\n<div class=\"aligncenter\"><span class=\"shadow_frame\"><a rel=\"prettyPhoto\" href=\"https:\/\/www.lukow-historia.pl\/wp-content\/uploads\/2013\/10\/lukow-dworzec-01.jpg\" title=\"\"><img class=\"framed\" src=\"https:\/\/www.lukow-historia.pl\/wp-content\/uploads\/2013\/10\/lukow-dworzec-01.jpg\" title=\"\" alt=\"\" width=\"500\" height=\"329\" \/><\/a><img alt=\"\" src=\"https:\/\/www.lukow-historia.pl\/wp-content\/themes\/infocus\/images\/shortcodes\/image_shadow.png\" style=\"width:500px;\" class=\"image_shadow\"><\/span><\/div><div class=\"aligncenter\"><span class=\"shadow_frame\"><a rel=\"prettyPhoto\" href=\"https:\/\/www.lukow-historia.pl\/wp-content\/uploads\/2013\/10\/lukow-dworzec-02.jpg\" title=\"\"><img class=\"framed\" src=\"https:\/\/www.lukow-historia.pl\/wp-content\/uploads\/2013\/10\/lukow-dworzec-02.jpg\" title=\"\" alt=\"\" width=\"500\" height=\"352\" \/><\/a><img alt=\"\" src=\"https:\/\/www.lukow-historia.pl\/wp-content\/themes\/infocus\/images\/shortcodes\/image_shadow.png\" style=\"width:500px;\" class=\"image_shadow\"><\/span><\/div><p style=\"text-align: center\"><em>Widok na fasad\u0119 budynku od strony miasta. Fotografie sprzed 1915 r.<\/em><\/p>\n<div class=\"aligncenter\"><span class=\"shadow_frame\"><a rel=\"prettyPhoto\" href=\"https:\/\/www.lukow-historia.pl\/wp-content\/uploads\/2013\/10\/lukow-dworzec-03.jpg\" title=\"\"><img class=\"framed\" src=\"https:\/\/www.lukow-historia.pl\/wp-content\/uploads\/2013\/10\/lukow-dworzec-03.jpg\" title=\"\" alt=\"\" width=\"500\" height=\"353\" \/><\/a><img alt=\"\" src=\"https:\/\/www.lukow-historia.pl\/wp-content\/themes\/infocus\/images\/shortcodes\/image_shadow.png\" style=\"width:500px;\" class=\"image_shadow\"><\/span><\/div><p style=\"text-align: center\"><em>Widok na budynek od strony tor\u00f3w.<\/em><\/p>\n<p style=\"text-align: justify\">Budynek wygl\u0105da\u0142 imponuj\u0105co. Od strony podjazdu mia\u0142 kilka wej\u015b\u0107, dziel\u0105cych go na cz\u0119\u015bci. W pierwszej kondygnacji by\u0142y prostok\u0105tne otwierane na zewn\u0105trz okna \u0142ukowate dla ozdoby okala\u0142 je gzyms w kszta\u0142cie p\u00f3\u0142okr\u0105g\u0142ym. Ca\u0142o\u015b\u0107 u g\u00f3ry jakoby zamykaj\u0105c klamr\u0105 gmach wie\u0144czy\u0142 gzyms. W \u015brodkowej cz\u0119\u015bci budynku wystawa\u0142a na zewn\u0105trz przybud\u00f3wka otoczona du\u017cymi schodami, te za\u015b dla ozdoby i wygody opasane by\u0142y balustradk\u0105. Konstrukcj\u0119 zamyka\u0142 dach z kilkoma ku niebu wyci\u0105gni\u0119tymi ceglanymi kominami. R\u00f3wnolegle do \u015brodkowej cz\u0119\u015bci dachu wnosi\u0142a si\u0119 na podwy\u017cszeniu p\u0142aska \u015bcianka, od strony zewn\u0119trznej ozdobiona obustronnie kolumienkami u zako\u0144czona \u0142ukowatym gzymsem. By\u0107 mo\u017ce w \u015brodku tej konstrukcji znajdowa\u0142 si\u0119 zegar. Podobny element jest wsp\u00f3\u0142cze\u015bnie na dworcu PKP w Radzyniu, Lubartowie i Bystrzycy ko\u0142o Lublina. Wok\u00f3\u0142 gmachu rozci\u0105ga\u0142 si\u0119 do\u015b\u0107 du\u017cy, brukowany plac. Ca\u0142o\u015b\u0107 mia\u0142a charakter monumentalny, sprawia\u0142a to mi\u0119dzy innymi kompozycja budynku malowniczo wpleciona w nisk\u0105 zabudow\u0119 przyleg\u0142ych uliczek. Budynek dobrze funkcjonowa\u0142, w pierwszym okresie przyjmuj\u0105 tysi\u0105ce pasa\u017cer\u00f3w. Dane wskazuj\u0105, \u017ce na trasie \u0141uk\u00f3w-Praga w 1866 roku przewieziono 9324 osoby, w przeciwn\u0105 stron\u0119 8619 oraz 231357 pud\u00f3w <em>(rosyjska jednostka wagowa. 1 pud = 16,38 kg)<\/em> towaru. Tak wielki przew\u00f3z ludzi i towaru \u015bwiadczy pozytywnie o sprawnym dzia\u0142aniu kolei, ale szybkimi krokami zbli\u017ca\u0142a si\u0119 wojna. Nadchodzi\u0142y dni walki utrudniaj\u0105ce lub ca\u0142kowicie uniemo\u017cliwiaj\u0105ce cywiln\u0105 dzia\u0142alno\u015b\u0107 kolei. W tym okresie miasto prze\u017cy\u0142o ci\u0119\u017ckie dni, wojna nie oszcz\u0119dzi\u0142a tak\u017ce budynku dworca.<\/p>\n<h5>Dworzec w okresie mi\u0119dzywojennym<\/h5>\n<p style=\"text-align: justify\">Pierwsza wojna \u015bwiatowa przynios\u0142a um\u0119czonemu narodowi polskiemu niepodleg\u0142o\u015b\u0107 ale i olbrzymie straty wynosz\u0105ce og\u00f3\u0142em 10% maj\u0105tku narodowego. Rzecz jasna najbardziej ucierpia\u0142y obiekty o znaczeniu militarnym jak: linie kolejowe, mosty, dworce, miasta, twierdze. Wycofuj\u0105ce si\u0119 armie zniszczy\u0142y setki kilometr\u00f3w szos i dr\u00f3g \u017celaznych, oko\u0142o 63% dworc\u00f3w, 48% procent parowozowni i warsztat\u00f3w kolejowych.<\/p>\n<span class=\"shadow_frame alignleft\"><a rel=\"prettyPhoto\" href=\"https:\/\/www.lukow-historia.pl\/wp-content\/uploads\/2013\/10\/lukow-dworzec-08.jpg\" title=\"\"><img class=\"framed\" src=\"https:\/\/www.lukow-historia.pl\/wp-content\/uploads\/2013\/10\/lukow-dworzec-08.jpg\" title=\"\" alt=\"\" width=\"277\" height=\"190\" \/><\/a><img alt=\"\" src=\"https:\/\/www.lukow-historia.pl\/wp-content\/themes\/infocus\/images\/shortcodes\/image_shadow.png\" style=\"width:277px;\" class=\"image_shadow\"><\/span><span class=\"shadow_frame alignleft\"><a rel=\"prettyPhoto\" href=\"https:\/\/www.lukow-historia.pl\/wp-content\/uploads\/2013\/10\/lukow-dworzec-09.jpg\" title=\"\"><img class=\"framed\" src=\"https:\/\/www.lukow-historia.pl\/wp-content\/uploads\/2013\/10\/lukow-dworzec-09.jpg\" title=\"\" alt=\"\" width=\"269\" height=\"190\" \/><\/a><img alt=\"\" src=\"https:\/\/www.lukow-historia.pl\/wp-content\/themes\/infocus\/images\/shortcodes\/image_shadow.png\" style=\"width:269px;\" class=\"image_shadow\"><\/span><p style=\"text-align: center\"><em>Zniszczony budynek dworca kolejowego podczas dzia\u0142a\u0144 wojennych.<\/em><\/p>\n<p style=\"text-align: justify\">Najpowa\u017cniejsze zniszczenia poczyni\u0142y wojska niemieckie gdy wycofywa\u0142y si\u0119 w pa\u017adzierniku 1914 roku, oraz rosyjskie od maja do lipca 1915 roku gdy opuszcza\u0142y ziemie polskie. Straty kolejnictwa oceniane by\u0142y na 600 000 000 frank\u00f3w w z\u0142ocie.<\/p>\n<p style=\"text-align: justify\">Brak materia\u0142\u00f3w niezb\u0119dnych do odbudowy dworc\u00f3w powodowa\u0142, \u017ce remonty wykonywano maksymalnie wykorzystuj\u0105c materia\u0142y rozbi\u00f3rkowe. Wielki entuzjazm ogarniaj\u0105cy spo\u0142ecze\u0144stwo powodowa\u0142, \u017ce prace mimo olbrzymich trudno\u015bci posuwa\u0142y si\u0119 naprz\u00f3d.<\/p>\n<p style=\"text-align: justify\">W tym okresie funkcj\u0119 dworca w \u0141ukowie spe\u0142nia\u0142 niewielki budynek przy dawnym dworcu, p\u00f3\u017aniej wykorzystywany jako magazyn baga\u017cowy. Ozdob\u0105 tej prowizorycznej stacji by\u0142 dzwon oznajmiaj\u0105cy pasa\u017cerom godzin\u0119 odjazdu i przyjazdu poci\u0105g\u00f3w, s\u0142u\u017cy\u0142 on tak\u017ce jako sygna\u0142 alarmowy do po\u017car\u00f3w. Codzienn\u0105 sw\u0105 funkcj\u0119, informowania podr\u00f3\u017cnych spe\u0142nia\u0142 wzorowo. Gdy zagrzmia\u0142 jego dono\u015bny ton, ze swej kantyny wychodzi\u0142 dy\u017curny wr\u0119czaj\u0105c cz\u0142owiekowi kieruj\u0105cemu ogromnym czarnym smokiem co\u015b w rodzaju bu\u0142awy. Ten znak by\u0142 dziadkiem dzisiejszych \u015bwiate\u0142 oznajmuj\u0105cych woln\u0105 drog\u0119. Olbrzym sapi\u0105c, po\u015bwistuj\u0105c, pogwizduj\u0105c rusza\u0142 powoli jakoby od niechcenia, posypuj\u0105c tysi\u0105cami iskier i otulaj\u0105c k\u0142\u0119bami dymu budynki stacyjne i mkn\u0105 dumnie w rozleg\u0142\u0105 dal horyzontu.<\/p>\n<p style=\"text-align: justify\">Mija\u0142y lata. Odbudowa budynku stacji w latach 1918 &#8211; 1920 post\u0119puje bardzo powoli, przyspieszona zostaje dopiero w 1921 roku. Ju\u017c wkr\u00f3tce J. S. Majewski w swej monografii i na \u0142amach &#8220;Gazety \u0141ukowskiej&#8221; pisze: <\/p>\n<p style=\"text-align: justify\">&#8220;Masywnie i okazale przedstawia si\u0119 dworzec g\u0142\u00f3wny (stacji \u0141uk\u00f3w) odbudowany w stylu polskim po zupe\u0142nym zdemolowaniu w czasie wojny.&#8221;<\/p>\n<div class=\"aligncenter\"><span class=\"shadow_frame\"><a rel=\"prettyPhoto\" href=\"https:\/\/www.lukow-historia.pl\/wp-content\/uploads\/2013\/10\/lukow-dworzec-04.jpg\" title=\"\"><img class=\"framed\" src=\"https:\/\/www.lukow-historia.pl\/wp-content\/uploads\/2013\/10\/lukow-dworzec-04.jpg\" title=\"\" alt=\"\" width=\"500\" height=\"344\" \/><\/a><img alt=\"\" src=\"https:\/\/www.lukow-historia.pl\/wp-content\/themes\/infocus\/images\/shortcodes\/image_shadow.png\" style=\"width:500px;\" class=\"image_shadow\"><\/span><\/div><p style=\"text-align: center\"><em>Zdj\u0119cie budynku dworca wykonane przez Karola Piatczyca w 1929 roku<\/em><\/p>\n<p style=\"text-align: justify\">Nowe oblicze budynku by\u0142o ca\u0142kiem r\u00f3\u017cne od wcze\u015bniejszego, nawiazywa\u0142o form\u0105 do stylu klasycznego, podkre\u015blaj\u0105c ci\u0105g\u0142o\u015b\u0107 istnienia historii narodu polskiego. Ca\u0142o\u015b\u0107 dwukondygnacyjna z du\u017cymi oknami na parterze zako\u0144czone \u0142ukowatymi wn\u0119kami z kt\u00f3rych spogl\u0105daj\u0105 weso\u0142e, dziwaczne i urokliwe maszkarony. \u015aciany masywne by\u0142y przedzielone trzema klatkami schodowymi, \u015brodkowe najbardziej do kt\u00f3rego prowadzi\u0142y niewielkie schodki to wej\u015bcie g\u0142\u00f3wne, otulone jak gdyby dwoma parami smuk\u0142ych cho\u0107 masywnych kolumn zwie\u0144czonych na ko\u0144cu kapitolem w stylu jo\u0144skim. Na nim opiera\u0142 si\u0119 architraw i fronton. Bad drzwiami zamiast portalu jawi\u0142o si\u0119 p\u00f3\u0142koliste okno. Dalej co pewien czas pojawia\u0142y si\u0119 p\u0142askie kolumny ozdobione w jo\u0144ski spos\u00f3b. Wypi\u0119trzenia mi\u0119dzy oknami mi\u0119dzy oknami dodaj\u0105 budynkowi ozdoby i uroku. Ca\u0142o\u015b\u0107 zwie\u0144czona by\u0142a czerwon\u0105 dach\u00f3wk\u0105 z kt\u00f3rej wybija\u0142y si\u0119 osmolone, dymi\u0105ce kominy. Nie lada atrakcj\u0105 dla widza podziwiaj\u0105cego gmach dworca by\u0142a niewielka wie\u017cyczka znajduj\u0105ca si\u0119 tu\u017c nad drzwiami g\u0142\u00f3wnymi wtopiona w czerwie\u0144 dach\u00f3wki po\u0142yskuj\u0105cej na spadzistym dachu. St\u0105d mo\u017cna by\u0142o dostrzec panoram\u0119 w oddali znajduj\u0105cej si\u0119 sylwety miasta. Wchodz\u0105c do wn\u0119trza go\u015bcinnie zaprasza\u0142o przechodnia do\u015b\u0107 du\u017ce pomieszczenie, st\u0105d prowadzi\u0142y wej\u015bcia do dw\u00f3ch bufet\u00f3w z kt\u00f3rych roznosi\u0142y si\u0119 zapachy smacznych da\u0144. Kategorie bufet\u00f3w podkre\u015bla\u0142y nier\u00f3wno\u015b\u0107 spo\u0142eczn\u0105. Jeden dla tych z wi\u0119ksz\u0105 sakiewk\u0105, komfortowy jasny lokal, drugi skromny cho\u0107 czysty. W innej cz\u0119\u015bci budynku znajdowa\u0142y si\u0119 pomieszczenia biurowe i kasy.<\/p>\n<p style=\"text-align: justify\">Obok tych ostatnich znajdowa\u0142 si\u0119 rozk\u0142ad Jazdy<\/p>\n<p style=\"text-align: center\"><strong>ROZK\u0141AD JAZDY POCI\u0104G\u00d3W<\/strong><\/p>\n<table>\n<tbody>\n<tr>\n<th>Przyjazd<\/th>\n<th>Kierunek<\/th>\n<th>Odjazd<\/th>\n<\/tr>\n<tr>\n<td>3:30, 4:31, 9:27,<br \/>\n13:26, 19:32, 23:59<\/td>\n<td>WARSZAWA<\/td>\n<td>2:14, 3:15, 7:05,<br \/>\n11:28, 14:33, 20:02<\/td>\n<\/tr>\n<tr>\n<td>2:40, 16:34<\/td>\n<td>SIEDLCE<\/td>\n<td>5:20, 13:20<\/td>\n<\/tr>\n<tr>\n<td>3:05, 12:56<\/td>\n<td>LUBLIN<\/td>\n<td>4:10, 16:34<\/td>\n<\/tr>\n<tr>\n<td>2:40, 8:25<\/td>\n<td>D\u0118BLIN<\/td>\n<td>4:00, 15:30<\/td>\n<\/tr>\n<tr>\n<td>2:06, 7:01, 11:23<br \/>\n14:20, 19:57<\/td>\n<td>BRZE\u015a\u0106<\/td>\n<td>4:36, 9:32, 13:31<\/td>\n<\/tr>\n<\/tbody>\n<\/table>\n<p style=\"text-align: justify\">Poci\u0105gi odchodzi\u0142y st\u0105d do: Warszawy, Siedlec, Lublina, D\u0119blina i Brze\u015bcia. Aby u\u0142atwi\u0107 podr\u00f3\u017cnym dostanie si\u0119 do miasta ci\u0105gle kursowa\u0142y doro\u017cki. W\u0142adze miejskie og\u0142osi\u0142y cennik za te us\u0142ugi, jak pisze Majewski w dzie\u0144 p\u0142acono 1,10 z\u0142 w nocy 1,4 z\u0142.<\/p>\n<p style=\"text-align: justify\">Budynek dobrze spe\u0142nia\u0142 swoje funkcje, dzi\u0119ki wzorowej pracy kolejarzy, niebezpiecze\u0144stwo przeciwpo\u017carowe zabezpiecza\u0142a jednostka kolejowej stra\u017cy po\u017carnej na czele z komendantem Walerym Miukowskim i dow\u00f3dcami dru\u017cyn Poziomkiewiczem, Kwiatkowskim, Zubkiewiczem. Jednak nie wszystko by\u0142o tak sielankowo i ju\u017c wtedy dziennikarz lokalnej prasy zarzuca\u0142 kolejarzom \u0142ukowskim nieodpowiednie podstawianie poci\u0105g\u00f3w utrudniaj\u0105ce wsiadanie.<br \/>\nPo tym artykule sytuacja na pewno uleg\u0142a poprawie poniewa\u017c nigdy ju\u017c nie wspomniano o jakichkolwiek problemach z kolejarzami.<br \/>\nOsiedle kolejarzy powsta\u0142e wok\u00f3\u0142 kolei, odleg\u0142e od miasta by\u0142o swoist\u0105 enklaw\u0105 ludzi pracy, pracowano tutaj po 46 godzin w tygodniu. Normy uposa\u017ce\u0144 na kolei by\u0142y do\u015b\u0107 niskie co utrudnia\u0142o przyci\u0105gnie na kolei si\u0142 wyborowych.<\/p>\n<p style=\"text-align: justify\">W wielu przypadkach uposa\u017cenia s\u0142u\u017cbowe nie wystarcza\u0142y pracownikom na utrzymanie rodzin i zmusza\u0142y ich do poszukiwania zaj\u0119\u0107 zarobkowych. Legenda o bia\u0142ych r\u0119kawiczkach maszynisty jako symbolu zamo\u017cno\u015bci to jeszcze jeden mit naszej historii. Og\u00f3\u0142em w dniu 01.01.1938 roku na kolei pracowa\u0142o 183732 pracownik\u00f3w. Niewielk\u0105 ilo\u015b\u0107 z tego stanowili pracownicy \u0142ukowskiej stacji, w mozolnym trudzie kszta\u0142tuj\u0105cy sw\u00f3j powszedni dzie\u0144, wznosz\u0105c drewnian\u0105 dzielnic\u0119 domk\u00f3w wok\u00f3\u0142 ci\u0105gn\u0105cych si\u0119 stalowych, l\u015bni\u0105cych szyn, czas odmierzaj\u0105c przyjazdami i odjazdami ci\u0105gle tych samych poci\u0105g\u00f3w. I nadszed\u0142 dzie\u0144, kt\u00f3ry zm\u0105ci\u0142 ten harmonijny spok\u00f3j. Z ust ludzi przybywaj\u0105cych do \u0141ukowa dowiadywali si\u0119 o wojnie.<\/p>\n<h5>Losy budynku w latach 1939-1944<\/h5>\n<p style=\"text-align: justify\">Pierwsze dni wrze\u015bnia nios\u0142y z sob\u0105, strach, rozpacz, zniszczenie, \u015bmier\u0107 i ten stan dotar\u0142 r\u00f3wnie\u017c do naszego miasta. Wr\u00f3g rozpocz\u0105\u0142 planowe jego bombardowanie, szczeg\u00f3lnie nara\u017cony na to by\u0142 dworzec i jego okolice. W pierwszym tygodniu bomby g\u0119sto pada\u0142y na t\u0105 dzielnic\u0119 niszcz\u0105c skutecznie budynki wok\u00f3\u0142 g\u0142\u00f3wnego gmachu. Grube masywne mury skutecznie opiera\u0142y si\u0119 detonacjom bomb. Budynek dworca wyszed\u0142 ca\u0142o z wrze\u015bniowych dni. Sta\u0142 si\u0119 \u015bwiadkiem okrutnych lat niewoli, \u0142ez ludzkich p\u0142yn\u0105cych z oczu wi\u0119\u017ani\u00f3w przewo\u017conych do oboz\u00f3w. Na torach \u0142ukowskich w okresie okupacji wiele by\u0142o akt\u00f3w haniebnych morderstw. Jak g\u0142osi miejscowa legenda jedn\u0105 ze scen opisa\u0142a M. D\u0105browska w &#8220;Medalionach&#8221; ukazuj\u0105c losy m\u0142odej \u017byd\u00f3wki zamordowanej bestialsko przez hitlerowskich oprawc\u00f3w. <\/p>\n<div class=\"aligncenter\"><span class=\"shadow_frame\"><a rel=\"prettyPhoto\" href=\"https:\/\/www.lukow-historia.pl\/wp-content\/uploads\/2013\/10\/lukow-dworzec-05.jpg\" title=\"\"><img class=\"framed\" src=\"https:\/\/www.lukow-historia.pl\/wp-content\/uploads\/2013\/10\/lukow-dworzec-05.jpg\" title=\"\" alt=\"\" width=\"500\" height=\"310\" \/><\/a><img alt=\"\" src=\"https:\/\/www.lukow-historia.pl\/wp-content\/themes\/infocus\/images\/shortcodes\/image_shadow.png\" style=\"width:500px;\" class=\"image_shadow\"><\/span><\/div><p style=\"text-align: center\"><em>\u017bo\u0142nierze Wehrmachtu przed budynkiem dworca. 1940 r.<\/em><\/p>\n<p style=\"text-align: justify\">Na ten obraz istniej\u0105cej rzeczywisto\u015bci nie mogli oboj\u0119tnie patrze\u0107 \u0142ukowscy kolejarze. 06.01.1940 roku rozpocz\u0119li sw\u0105 dzia\u0142alno\u015b\u0107 konspiracyjn\u0105 w ramach organizacji TAP, sz\u00f3sty rejon Podlasie jako kompania czwarta. Dow\u00f3dc\u0105 by\u0142 zawiadowca odcinka drogowego J\u00f3zef Adamiec ps &#8220;\u0141ukasz&#8221;.<br \/>\nKadra kompanii liczy\u0142a oko\u0142o 60-ciu ludzi r\u00f3\u017cnych s\u0142u\u017cb i sk\u0142ada\u0142a si\u0119 z nast\u0119puj\u0105cych pluton\u00f3w:<\/p>\n<ul class=\"fancy_list\">\n<li class=\"bullet_list\">Ruchu w \u0141ukowie z Zygmuntem Gartenerem na czele.<\/li>\n<li class=\"bullet_list\">Drogowy dow\u00f3dca Marian D\u0105browski ps &#8220;Marek&#8221;<\/li>\n<li class=\"bullet_list\">Sekcja dywersyjna kierowana przez Franciszka Choreckiego ps &#8220;Marek&#8221;<\/li>\n<li class=\"bullet_list\">Sanitarnym dow\u00f3dc\u0105 by\u0142 felczer Guzek<\/li>\n<\/ul>\n<p style=\"text-align: justify\">Podziemie \u0142ukowskich kolejarzy dzia\u0142a\u0142o sprawnie, szczeg\u00f3lnie dwie akcje przeprowadzono brawurowo. Mia\u0142y miejsce 18.03. i 12.09.1943 roku, celem by\u0142o zdobycie amunicji na wrogu. Inspiratorem ich by\u0142 Tadeusz Adamiec ps &#8220;S\u0119p&#8221;. Pod pozorem, \u017ce w jednym wagonie grza\u0142a si\u0119 o\u015b, wyda\u0142 polecenia podw\u0142adnym by wagon ten wyprowadzi\u0107 poza stacj\u0119, gdzie pod os\u0142on\u0105 nocy grupa le\u015bna opr\u00f3\u017cni\u0142a go. Ryzyko akcji by\u0142o wielkie i ofiar\u0105 ostatniej by\u0142o \u017cycie wielkiego patrioty Tadeusza Adamca, kt\u00f3ry zosta\u0142 stracony 21.12.1943 roku przez radzy\u0144skie gestapo.<\/p>\n<p style=\"text-align: justify\">Kolejarze \u0142ukowscy cz\u0119sto informowali grupy le\u015bne Ostoi, Serafina o przechodz\u0105cych transportach wroga, bardzo cz\u0119sto liczne z nich nie dociera\u0142y do miejsca przeznaczenie niszczone przez ludzi z lasu. I cho\u0107 na budynku powiewa\u0142 symbol hitlerowskiej Rzeszy, w \u015brodku w\u015br\u00f3d pracownik\u00f3w stacji dominowa\u0142a my\u015bl o wolnej, sprawiedliwej Polsce.<\/p>\n<p style=\"text-align: justify\">I nadszed\u0142 dzie\u0144 upragniony, dzie\u0144 wolno\u015bci. 23.07.1944 roku radzieckie oddzia\u0142y wyzwalaj\u0105 okolice. Ten dzie\u0144 to prze\u0142omowa data w\u015br\u00f3d wielu ludzi ale i w historii miasta.<\/p>\n<h5> Gmach dzi\u015b 1944 &#8211; 1982<\/h5>\n<p style=\"text-align: justify\">Druga wojna \u015bwiatowa by\u0142a jeszcze bardziej okrutna, bestialska od poprzedniej, przynios\u0142a ponad 6 000 000 ofiar naszemu narodowi, straty materialne i moralne. Og\u00f3lne straty maj\u0105tku w komunikacji ocenione zosta\u0142y na 8,8 mld z\u0142 (ceny z 1939 r.).<\/p>\n<p style=\"text-align: justify\">W \u0141ukowie miasto zanotowa\u0142o du\u017ce straty materialne, dworzec za\u015b nadawa\u0142 si\u0119 do eksploatacji po niezb\u0119dnym remoncie przeprowadzonym w 1945 roku. I w\u00f3wczas stacja zacz\u0119\u0142a egzystowa\u0107 przynosz\u0105c miastu i pa\u0144stwu olbrzymie korzy\u015bci. Miasto rozbudowa\u0142o si\u0119 i coraz cz\u0119\u015bciej potrzebowa\u0142o us\u0142ug transportowych. Podobn\u0105 sytuacj\u0119 notujemy w ca\u0142ym kraju.<br \/>\nRozwija\u0142a si\u0119 wi\u0119c g\u0119sta sie\u0107 szyn u wr\u00f3t pi\u0119knego gmachu dworca nale\u017c\u0105cego do Dyrekcji Centralnej w Warszawie i rejonowej w Siedlcach. Lata 50-te przynios\u0142y budow\u0119 nowej linii kolejowej Skierniewice-\u0141uk\u00f3w. Oddano j\u0105 do u\u017cytku w 1959 r. Przyczyni\u0142a si\u0119 walnie do poprawy transportu na trasie Wsch\u00f3d-Zach\u00f3d<\/p>\n<span class=\"shadow_frame alignleft\"><a rel=\"prettyPhoto\" href=\"https:\/\/www.lukow-historia.pl\/wp-content\/uploads\/2013\/10\/lukow-dworzec-06.jpg\" title=\"\"><img class=\"framed\" src=\"https:\/\/www.lukow-historia.pl\/wp-content\/uploads\/2013\/10\/lukow-dworzec-06.jpg\" title=\"\" alt=\"\" width=\"277\" height=\"176\" \/><\/a><img alt=\"\" src=\"https:\/\/www.lukow-historia.pl\/wp-content\/themes\/infocus\/images\/shortcodes\/image_shadow.png\" style=\"width:277px;\" class=\"image_shadow\"><\/span><span class=\"shadow_frame alignleft\"><a rel=\"prettyPhoto\" href=\"https:\/\/www.lukow-historia.pl\/wp-content\/uploads\/2013\/10\/lukow-dworzec-07.jpg\" title=\"\"><img class=\"framed\" src=\"https:\/\/www.lukow-historia.pl\/wp-content\/uploads\/2013\/10\/lukow-dworzec-07.jpg\" title=\"\" alt=\"\" width=\"275\" height=\"176\" \/><\/a><img alt=\"\" src=\"https:\/\/www.lukow-historia.pl\/wp-content\/themes\/infocus\/images\/shortcodes\/image_shadow.png\" style=\"width:275px;\" class=\"image_shadow\"><\/span><p style=\"text-align: center\"><em>Wypadek na stacji kolejowej w 1960 r.<\/em><\/p>\n<p style=\"text-align: justify\">Z notatnik\u00f3w ludzkiej pami\u0119ci odnotowa\u0107 nale\u017cy zabawne cho\u0107 przynosz\u0105ce strat\u0119 zdarzenie. Z peronu oporowego znajduj\u0105cego si\u0119 z lewej strony budynku parow\u00f3z wjecha\u0142 na pe\u0142nym gazie w gmach stacji. Ta za\u015b dumna i nieugi\u0119ta tylko w niewielkim stopniu zosta\u0142a zniszczona, p\u00f3\u017aniejsze dowcipy donosi\u0142y, \u017ce parow\u00f3z do\u015b\u0107 mia\u0142 codziennego picia wody i wybra\u0142 si\u0119 na piwo do bufetu, zara\u017cony bakcylem przez swych pasa\u017cer\u00f3w.<br \/>\nPo tym wydarzeniu przeprowadzono niezb\u0119dny remont.<\/p>\n<p style=\"text-align: justify\">W 1962 roku przyst\u0105piono do generalnej modernizacji budynku. Projekt wykonali in\u017cynierowie: Z. Turski i E. Doli\u0144ska. Pracami kierowa\u0142 in\u017cynier naczelny R. Szajer. Kosztorys prac opiewa\u0142 na 595259 z\u0142. Powierzchnia modernizowanego obiektu wynosi\u0142a 720 metr\u00f3w kwadratowych, kubatura 8144 metr\u00f3w sze\u015bciennych. Plan przewidywa\u0142 generaln\u0105 przebudow\u0119 wn\u0119trza budynku, dostosowuj\u0105c go do istniej\u0105cych potrzeb. Powsta\u0142 nowy wystr\u00f3j poczekalni, kas, bufetu, \u015bwietlicy. Gmach w \u015brodku pokryto ciemnym marmurem, zmieniono o\u015bwietlenie sprawiaj\u0105c, \u017ce pomieszczenie sta\u0142o si\u0119 wytworne i przyjemniejsze. Z g\u0142\u00f3wnego holu przeprowadzono schody do drugiej kondygnacji, gdzie urz\u0105dzono \u015bwietlic\u0119 i zak\u0142ad fryzjerski. Schodz\u0105c st\u0105d finezyjnymi schodami zauwa\u017cy\u0107 mo\u017cna szyld baru &#8220;Semafor&#8221;. Salka niedu\u017ca ale przytulna. Wychodz\u0105c st\u0105d po przeciwnej stronie rzucaj\u0105 si\u0119 w oczy trzy du\u017ce okienka kasowe i dalej okno przechowalni baga\u017cu. Na jednej ze \u015bcian barwna reklama zaprasza do Woli Okrzejskiej i muzeum po\u015bwi\u0119conemu H. Sienkiewiczowi. Z lewej strony od kas znajduje si\u0119 rozk\u0142ad jazdy, jak\u017ce bardzo r\u00f3\u017cny od tego z czas\u00f3w mi\u0119dzywojennych. Poci\u0105gi odje\u017cd\u017caj\u0105ce \u0142\u0105cz\u0105 miasto z 17-ma w\u0119z\u0142ami kolejowymi, u\u0142atwiaj\u0105 dostanie si\u0119 do pracy i wakacyjne podr\u00f3\u017ce. Ilo\u015b\u0107 odje\u017cd\u017caj\u0105cych st\u0105d poci\u0105g\u00f3w osobowych wynosi 50 na dob\u0119 oraz wiele poci\u0105g\u00f3w towarowych i tranzytowych. Nad sprawnym dzia\u0142aniem stacji sprawuj\u0105 piecz\u0119 r\u00f3\u017cne s\u0142u\u017cby kolejowe maj\u0105ce swe siedziby w gmachu dworca lub w przyleg\u0142ych budynkach. Wolny czas sp\u0119dzaj\u0105 kolejarze w zak\u0142adowej \u015bwietlicy, funkcjonuje ona ju\u017c 24 lata zapewniaj\u0105c swym go\u015bciom godziw\u0105 rozrywk\u0119.<\/p>\n<p style=\"text-align: justify\">Do ci\u0105g\u0142ych form pracy nale\u017cy: dzia\u0142aj\u0105ca biblioteka i ko\u0142a zainteresowa\u0144. Okazjonalnie prowadzone s\u0105 spotkania z ciekawymi lud\u017ami i wieczorki taneczne.<\/p>\n<span class=\"shadow_frame alignleft\"><a rel=\"prettyPhoto\" href=\"https:\/\/www.lukow-historia.pl\/wp-content\/uploads\/2013\/10\/pomnik-kolejarzy-1.jpg\" title=\"\"><img class=\"framed\" src=\"https:\/\/www.lukow-historia.pl\/wp-content\/uploads\/2013\/10\/pomnik-kolejarzy-1.jpg\" title=\"\" alt=\"\" width=\"163\" height=\"245\" \/><\/a><img alt=\"\" src=\"https:\/\/www.lukow-historia.pl\/wp-content\/themes\/infocus\/images\/shortcodes\/image_shadow.png\" style=\"width:163px;\" class=\"image_shadow\"><\/span><span class=\"shadow_frame alignleft\"><a rel=\"prettyPhoto\" href=\"https:\/\/www.lukow-historia.pl\/wp-content\/uploads\/2013\/10\/pomnik-kolejarzy-2.jpg\" title=\"\"><img class=\"framed\" src=\"https:\/\/www.lukow-historia.pl\/wp-content\/uploads\/2013\/10\/pomnik-kolejarzy-2.jpg\" title=\"\" alt=\"\" width=\"163\" height=\"245\" \/><\/a><img alt=\"\" src=\"https:\/\/www.lukow-historia.pl\/wp-content\/themes\/infocus\/images\/shortcodes\/image_shadow.png\" style=\"width:163px;\" class=\"image_shadow\"><\/span><span class=\"shadow_frame alignleft\"><a rel=\"prettyPhoto\" href=\"https:\/\/www.lukow-historia.pl\/wp-content\/uploads\/2013\/10\/pomnik-kolejarzy-3.jpg\" title=\"\"><img class=\"framed\" src=\"https:\/\/www.lukow-historia.pl\/wp-content\/uploads\/2013\/10\/pomnik-kolejarzy-3.jpg\" title=\"\" alt=\"\" width=\"187\" height=\"245\" \/><\/a><img alt=\"\" src=\"https:\/\/www.lukow-historia.pl\/wp-content\/themes\/infocus\/images\/shortcodes\/image_shadow.png\" style=\"width:187px;\" class=\"image_shadow\"><\/span>\n<p style=\"text-align: center\"><em>Pomnik po\u015bwi\u0119cony &#8220;Kolejarzom Poleg\u0142ym za Ojczyzn\u0119&#8221;<\/em><\/p>\n<p style=\"text-align: justify\">W 1974 roku ods\u0142oni\u0119ty zosta\u0142 pomnik po\u015bwi\u0119cony bohaterskim kolejarzom z okresu drugiej wojny \u015bwiatowej. Za\u015b rok 1978 przyni\u00f3s\u0142 elektryfikacj\u0119 linii Siedlce-\u0141uk\u00f3w. Zosta\u0142a ona uroczy\u015bcie otwarta 22.12.1978 roku. Rok potem poci\u0105g elektryczny ruszy\u0142 do Bia\u0142ej Podlaskiej.<\/p>\n<p style=\"text-align: justify\">Dzi\u015b w 1982 roku spogl\u0105daj\u0105c z okien drugiej kondygnacji  wida\u0107 snuj\u0105ce si\u0119, cienkie druty daj\u0105ce \u017cycie &#8211; ruch mkn\u0105cym po stalowych szynach wagonikom. Nad t\u0105 sieci\u0105 zaczyna dominowa\u0107 nowy element, dla bezpiecze\u0144stwa podr\u00f3\u017cnych buduje si\u0119 k\u0142adk\u0119 nad torami. Jest to do\u015b\u0107 ciekawy obiekt w architekturze okalaj\u0105cej budynek dworca. A ten od 114 lata codziennie go\u015bcinnie zaprasza do swego wn\u0119trza podr\u00f3\u017cnych, a dzi\u015b tak\u017ce setki pracownik\u00f3w \u0142ukowskich fabryk. Dobrze spe\u0142nia sw\u0105 funkcj\u0119, jest jednym ze wspanialszych obiekt\u00f3w architektonicznych naszego miasta i tylko szkoda, \u017ce \u017ce my wsp\u00f3\u0142czesne pokolenie \u0141ukowian  tak ma\u0142o wiemy o jego historii i o ludziach, kt\u00f3rzy j\u0105 tworzyli. Jeste\u015bmy przywi\u0105zani do budynku wracaj\u0105c z w\u0142\u00f3cz\u0119g wakacyjnych pragniemy ogl\u0105da\u0107 dach z wyblak\u0142\u0105, czerwon\u0105 dach\u00f3wk\u0105, z maszkaronami od strony podjazdu u\u015bmiechaj\u0105cymi si\u0119 dziwacznie do przechodni\u00f3w. <em>(Od strony tor\u00f3w maszkarony zosta\u0142y zniszczone w latach 60-tych przez rzemie\u015blnik\u00f3w odnawiaj\u0105cych budynek, dopiero po interwencji konserwatora zabytk\u00f3w zaniechano tego bestialskiego czynu.)<\/em><br \/>\nMa on sw\u00f3j niepowtarzalny urok, kt\u00f3rego inne, r\u00f3wnie pi\u0119kne, mo\u017ce bardziej nowoczesne dworce nie maj\u0105.<\/p>\n<h5>Zako\u0144czenie<\/h5>\n<p style=\"text-align: justify\">Budynek dworca zbudowano w 1866 roku, ma ju\u017c przesz\u0142o 100 lat. Ludzie kt\u00f3rzy go stworzyli i potem dbali o jego funkcjonowanie dobrze zapisali si\u0119 w jego historii. Modernizacje i remonty przeprowadzone w odpowiednim czasie, dzi\u0119ki temu budynek jest w niez\u0142ym stanie technicznym. Obecnie fachowcy postuluj\u0105 o jak najszybsze zabezpieczenie dachu, dach\u00f3wka nie spe\u0142nia ju\u017c swych funkcji. Wi\u0119ksze opady powoduj\u0105 zalewanie g\u0142\u00f3wnych element\u00f3w konstrukcyjnych, przyczyniaj\u0105c si\u0119 gruntownie do niszczenia obiektu. Chcemy wszyscy aby budynek dalej cieszy\u0142 oczy podr\u00f3\u017cnych i godnie reprezentowa\u0142 miasto przyby\u0142ym i przyjezdnym z ca\u0142ego \u015bwiata.<\/p>\n<div class=\"ngg-galleryoverview\" id=\"ngg-gallery-25-1084\">\n<hr>\n<h3>Dworzec Kolejowy w \u0141ukowie<\/h3>\n<p>\t<!-- Thumbnails --><\/p>\n<div id=\"ngg-image-349\" class=\"ngg-gallery-thumbnail-box\"  >\n<div class=\"ngg-gallery-thumbnail\" >\n\t\t\t<a href=\"https:\/\/www.lukow-historia.pl\/\/wp-content\/gallery\/dw\/lukow-dworzec-dzis-05.jpg\" title=\" \" rel=\"lightbox[set_25]\" ><br \/>\n\t\t\t\t\t\t\t\t<img title=\"Dworzec Kolejowy w \u0141ukowie\" alt=\"Dworzec Kolejowy w \u0141ukowie\" src=\"https:\/\/www.lukow-historia.pl\/\/wp-content\/gallery\/dw\/thumbs\/thumbs_lukow-dworzec-dzis-05.jpg\" width=\"100\" height=\"75\" \/><br \/>\n\t\t\t\t\t\t\t<\/a>\n\t\t<\/div>\n<\/p><\/div>\n<div id=\"ngg-image-348\" class=\"ngg-gallery-thumbnail-box\"  >\n<div class=\"ngg-gallery-thumbnail\" >\n\t\t\t<a href=\"https:\/\/www.lukow-historia.pl\/\/wp-content\/gallery\/dw\/lukow-dworzec-dzis-04.jpg\" title=\" \" rel=\"lightbox[set_25]\" ><br \/>\n\t\t\t\t\t\t\t\t<img title=\"Dworzec Kolejowy w \u0141ukowie\" alt=\"Dworzec Kolejowy w \u0141ukowie\" src=\"https:\/\/www.lukow-historia.pl\/\/wp-content\/gallery\/dw\/thumbs\/thumbs_lukow-dworzec-dzis-04.jpg\" width=\"100\" height=\"75\" \/><br \/>\n\t\t\t\t\t\t\t<\/a>\n\t\t<\/div>\n<\/p><\/div>\n<div id=\"ngg-image-346\" class=\"ngg-gallery-thumbnail-box\"  >\n<div class=\"ngg-gallery-thumbnail\" >\n\t\t\t<a href=\"https:\/\/www.lukow-historia.pl\/\/wp-content\/gallery\/dw\/lukow-dworzec-dzis-02.jpg\" title=\" \" rel=\"lightbox[set_25]\" ><br \/>\n\t\t\t\t\t\t\t\t<img title=\"Dworzec Kolejowy w \u0141ukowie\" alt=\"Dworzec Kolejowy w \u0141ukowie\" src=\"https:\/\/www.lukow-historia.pl\/\/wp-content\/gallery\/dw\/thumbs\/thumbs_lukow-dworzec-dzis-02.jpg\" width=\"100\" height=\"75\" \/><br \/>\n\t\t\t\t\t\t\t<\/a>\n\t\t<\/div>\n<\/p><\/div>\n<div id=\"ngg-image-347\" class=\"ngg-gallery-thumbnail-box\"  >\n<div class=\"ngg-gallery-thumbnail\" >\n\t\t\t<a href=\"https:\/\/www.lukow-historia.pl\/\/wp-content\/gallery\/dw\/lukow-dworzec-dzis-03.jpg\" title=\" \" rel=\"lightbox[set_25]\" ><br \/>\n\t\t\t\t\t\t\t\t<img title=\"Dworzec Kolejowy w \u0141ukowie\" alt=\"Dworzec Kolejowy w \u0141ukowie\" src=\"https:\/\/www.lukow-historia.pl\/\/wp-content\/gallery\/dw\/thumbs\/thumbs_lukow-dworzec-dzis-03.jpg\" width=\"100\" height=\"75\" \/><br \/>\n\t\t\t\t\t\t\t<\/a>\n\t\t<\/div>\n<\/p><\/div>\n<div id=\"ngg-image-345\" class=\"ngg-gallery-thumbnail-box\"  >\n<div class=\"ngg-gallery-thumbnail\" >\n\t\t\t<a href=\"https:\/\/www.lukow-historia.pl\/\/wp-content\/gallery\/dw\/lukow-dworzec-dzis-01.jpg\" title=\" \" rel=\"lightbox[set_25]\" ><br \/>\n\t\t\t\t\t\t\t\t<img title=\"Dworzec Kolejowy w \u0141ukowie\" alt=\"Dworzec Kolejowy w \u0141ukowie\" src=\"https:\/\/www.lukow-historia.pl\/\/wp-content\/gallery\/dw\/thumbs\/thumbs_lukow-dworzec-dzis-01.jpg\" width=\"100\" height=\"75\" \/><br \/>\n\t\t\t\t\t\t\t<\/a>\n\t\t<\/div>\n<\/p><\/div>\n<p>\t<!-- Pagination --><\/p>\n<div class='ngg-clear'><\/div>\n<\/div>\n<p><a href=\"\/?page_id=220\">Powr\u00f3t dp albumu<\/a><\/p>\n<p><em>Autor: &#8230;<br \/>\n\u0179r\u00f3d\u0142o: Artyku\u0142 z 1982 roku. Otrzymali\u015bmy go via e-mail od jednego z czytelnik\u00f3w, wzbogacony zosta\u0142 fotografiami z naszej galerii &#8211; <a href=\"http:\/\/www.galeria.lukow-historia.pl\">www.galeria.lukow-historia.pl<\/a><\/em><\/p>\n","protected":false},"excerpt":{"rendered":"<p>Rys Historii Kolei Wiek dziewi\u0119tnasty zwany jest cz\u0119sto wiekiem olbrzymiego rozwoju technicznego, wiekiem odkry\u0107 &#8211; wiekiem wynalazk\u00f3w. Przyczyn\u0105 tego zjawiska by\u0142 szybki niespotykany dot\u0105d rozw\u00f3j przemys\u0142u i handlu. Konsekwencj\u0105 za\u015b potrzeba skonstruowania nowego \u015brodka lokomocji transportuj\u0105cego olbrzymi\u0105 mas\u0119 surowc\u00f3w i nowo powsta\u0142ych surowc\u00f3w i wyrob\u00f3w. Prac\u0119 nad rozwi\u0105zaniem tego problemu na szerok\u0105 skale prowadzono w Wielkiej Brytanii. Tam powsta\u0142y na &#8230;<\/p>\n","protected":false},"author":1,"featured_media":2186,"comment_status":"open","ping_status":"open","sticky":false,"template":"","format":"standard","meta":[],"categories":[11,30,436],"tags":[299,298,300,122,16,376,1523,42,383,102,710,567,663,664,665,452,302,67,432,296,301,429,12,295,430,1547,431],"_links":{"self":[{"href":"https:\/\/www.lukow-historia.pl\/index.php?rest_route=\/wp\/v2\/posts\/1084"}],"collection":[{"href":"https:\/\/www.lukow-historia.pl\/index.php?rest_route=\/wp\/v2\/posts"}],"about":[{"href":"https:\/\/www.lukow-historia.pl\/index.php?rest_route=\/wp\/v2\/types\/post"}],"author":[{"embeddable":true,"href":"https:\/\/www.lukow-historia.pl\/index.php?rest_route=\/wp\/v2\/users\/1"}],"replies":[{"embeddable":true,"href":"https:\/\/www.lukow-historia.pl\/index.php?rest_route=%2Fwp%2Fv2%2Fcomments&post=1084"}],"version-history":[{"count":137,"href":"https:\/\/www.lukow-historia.pl\/index.php?rest_route=\/wp\/v2\/posts\/1084\/revisions"}],"predecessor-version":[{"id":2554,"href":"https:\/\/www.lukow-historia.pl\/index.php?rest_route=\/wp\/v2\/posts\/1084\/revisions\/2554"}],"wp:featuredmedia":[{"embeddable":true,"href":"https:\/\/www.lukow-historia.pl\/index.php?rest_route=\/wp\/v2\/media\/2186"}],"wp:attachment":[{"href":"https:\/\/www.lukow-historia.pl\/index.php?rest_route=%2Fwp%2Fv2%2Fmedia&parent=1084"}],"wp:term":[{"taxonomy":"category","embeddable":true,"href":"https:\/\/www.lukow-historia.pl\/index.php?rest_route=%2Fwp%2Fv2%2Fcategories&post=1084"},{"taxonomy":"post_tag","embeddable":true,"href":"https:\/\/www.lukow-historia.pl\/index.php?rest_route=%2Fwp%2Fv2%2Ftags&post=1084"}],"curies":[{"name":"wp","href":"https:\/\/api.w.org\/{rel}","templated":true}]}}