{"id":1960,"date":"2013-08-04T22:27:33","date_gmt":"2013-08-04T20:27:33","guid":{"rendered":"http:\/\/www.lukow-historia.pl\/?p=1960"},"modified":"2014-09-01T21:33:54","modified_gmt":"2014-09-01T19:33:54","slug":"dr-ryszard-kaszubski-1908-1975","status":"publish","type":"post","link":"https:\/\/www.lukow-historia.pl\/?p=1960","title":{"rendered":"Dr Ryszard Kaszubski (1908 &#8211; 1975)"},"content":{"rendered":"<p style=\"text-align: justify\">Starsi mieszka\u0144cy \u0141ukowa pami\u0119taj\u0105 dostojn\u0105 posta\u0107 <strong>doktora Ryszarda Kaszubskiego<\/strong>. Cieszy\u0142 si\u0119 on ogromn\u0105 sympati\u0105 za sw\u00f3j stosunek do ludzi i zaanga\u017cowanie w rozwi\u0105zywaniu wielu spraw, kt\u00f3rymi \u017cy\u0142o miasto w latach 50-tych i 60-tych. Ostatnio w zwi\u0105zku z 20-rocznic\u0105 jego \u015bmierci cz\u0119sto s\u0142yszy si\u0119 g\u0142osy, aby szpital w \u0141ukowie nosi\u0142 imi\u0119 tego lekarza i spo\u0142ecznika.<\/p>\n<p style=\"text-align: justify\">Urodzi\u0142 si\u0119 on 17 maja 1908 roku w Stanis\u0142awowie w rodzinie inteligenckiej. \u015awiadectwo dojrza\u0142o\u015bci otrzyma\u0142 w 1926 roku w \u0141ukowskim Gimnazjum, a studia medyczne uko\u0144czy\u0142 6 czerwca 1934 roku na Uniwersytecie Warszawskim. W roku 1933, b\u0119d\u0105c jeszcze studentem, uko\u0144czy\u0142 Szko\u0142\u0119 Podchor\u0105\u017cych i odby\u0142 s\u0142u\u017cb\u0119 w 5-Pu\u0142ku U\u0142an\u00f3w w Ostro\u0142\u0119ce. Na sta\u017cu lekarskim by\u0142 w Warszawie i Grodnie. Jesieni\u0105 1935 roku podj\u0105\u0142 prac\u0119 lekarza wojskowego w 7-Pu\u0142ku U\u0142an\u00f3w Lubelskich w Mi\u0144sku Mazowieckim.<\/p>\n<p style=\"text-align: justify\">We Wrze\u015bniu 1939 roku rozpocz\u0105\u0142 si\u0119 jego szlak wojenny. Jako lekarz wojskowy odznacza\u0142 si\u0119 wyj\u0105tkowym m\u0119stwem, waleczno\u015bci\u0105 i ofiarno\u015bci\u0105. Przeszed\u0142 szlak bojowy przez ZSRR, Azj\u0119 Mniejsz\u0105, Persj\u0119, Arabi\u0119, Palestyn\u0119 a\u017c do Egiptu, nara\u017caj\u0105c si\u0119 na wiele chor\u00f3b w\u0142a\u015bciwych dla miejscowego klimatu. Czynnie uczestniczy\u0142 w walkach pod <strong>Monte Cassino<\/strong>, Loreto, Ankon\u0105, Scmigali, Forli.<\/p>\n<p style=\"text-align: justify\">W 1946 zosta\u0142 zwolniony z wojska po przebytym zawale serca i powa\u017cnych komplikacjach naczy\u0144 krwiono\u015bnych n\u00f3g. Do kraju powr\u00f3ci\u0142 28 X 1948 roku i na kr\u00f3tko zatrzyma\u0142 si\u0119 w Gdyni.<\/p>\n<p style=\"text-align: justify\">Pocz\u0105wszy od 15 listopada 1948 roku rozpocz\u0105\u0142 prac\u0119 w Szpitalu Miejskim w \u0141ukowie jako ordynator Oddz. Wewn\u0119trznego i Zaka\u017anego, jako kierownik Laboratorium Analitycznego, rentgenolog, kierownik apteki, lekarz Gimnazjum i Szko\u0142y Zawodowej, a ponadto w godzinach wieczornych pracowa\u0142 w Przychodni Powiatowej. Ten ofiarny wysi\u0142ek by\u0142 podyktowany brakiem wykwalifikowanych si\u0142 na obsad\u0119 plac\u00f3wek lecznictwa otwartego.<\/p>\n<p style=\"text-align: justify\">W latach 1954-61 by\u0142 radnym Miejskiej Rady Narodowej, a nast\u0119pnie radnym Powiatowej Rady Narodowej w \u0141ukowie. W tym czasie przewodniczy\u0142 Komisji Zdrowia oraz komisji Budownictwa Osiedli. Przewodniczy\u0142 <strong>Towarzystwu Przyjaci\u00f3\u0142 Ziemi \u0141ukowskiej<\/strong>, a tak\u017ce <strong>PCK<\/strong>. W tym samym czasie by\u0142 lekarzem konsultantem do bada\u0144 rodzin poborowych, a w Szpitalu Miejskim przewodnicz\u0105cym Rady Zak\u0142adowej.<\/p>\n<p style=\"text-align: justify\"><strong>Szpital Miejski<\/strong> mie\u015bci\u0142 si\u0119 w\u00f3wczas w budynku p\u00f3\u017aniejszego Liceum Medycznego, przy ko\u015bciele pw. Przemienienia Pa\u0144skiego, oraz w kilku s\u0105siaduj\u0105cych barakach. Warunki pracy i leczenia by\u0142y prymitywne i niebezpieczne dla zdrowia personelu. Dlatego dr Kaszubski, dzi\u0119ki szerokim znajomo\u015bciom w Warszawie, podj\u0105\u0142 starania o budow\u0119 nowego szpitala miejskiego. Aby osi\u0105gn\u0105\u0107 cel nie szcz\u0119dzi\u0142 w\u0142asnych pieni\u0119dzy na wyjazdy i na przyjmowanie go\u015bci z Warszawy i Lublina. Jego trudy zosta\u0142y uwie\u0144czony sukcesem.<\/p>\n<p style=\"text-align: justify\"><strong>Nowy Szpital Miejski<\/strong> zosta\u0142 oddany do u\u017cytku w 1962 roku. Na owe czasy by\u0142 to najpi\u0119kniejszy i najnowocze\u015bniejszy szpital na terenie \u00f3wczesnego woj. lubelskiego. Osobi\u015bcie wraz z pracownikami szpitala obsadza\u0142 drzewkami teren przyleg\u0142y do nowego budynku. Po dzie\u0144 dzisiejszy s\u0105 one ozdob\u0105 terenu wok\u00f3\u0142 szpitala. Dzi\u0119ki staraniom dra Kaszubskiego zosta\u0142 za\u0142o\u017cony <strong>park miejski<\/strong> oraz <strong>Muzeum Regionalne w \u0141ukowie<\/strong>.<\/p>\n<p style=\"text-align: justify\">Wtedy to w\u0142adze wojew\u00f3dzkie w Lublinie &#8220;uhonorowa\u0142y&#8221; niestrudzonego lekarza i Spo\u0142ecznika jedynie funkcj\u0105 Powiatowego Inspektora Sanitarnego w \u0141ukowie, odsuwaj\u0105c go, podobnie jak \u00f3wczesnego dyrektora szpitala <strong>dra Romualda Szylejk\u0119<\/strong> od pracy w nowym budynku. Dr Szylejko wyjecha\u0142 do Parczewa, a dr Kaszubski do <strong>\u015awinouj\u015bcia<\/strong>, gdzie zosta\u0142 Naczelnym Dyrektorem Sanatori\u00f3w. Zas\u0142u\u017cony a niedoceniony \u0141ukowiak zmar\u0142 21 grudnia 1975 roku i zosta\u0142 pochowany na Cmentarzu Pow\u0105zkowskim w Warszawie.<\/p>\n<p style=\"text-align: justify\">Za m\u0119stwo, waleczno\u015b\u0107 i prac\u0119 spo\u0142eczn\u0105 dr Kaszubski by\u0142 wielokrotnie odznaczany m.in: Srebrnym Krzy\u017cem Yirtuti Militari, trzykrotnie Krzy\u017cem Walecznych, Krzy\u017cem Monte Cassino, w\u0142oskimi i brytyjskimi odznakami wojskowymi, Z\u0142otym Krzy\u017cem Zas\u0142ugi, Z\u0142otym Krzy\u017cem PCK, Odznak\u0105 z okazji 50-lecia PCK, Odznak\u0105 za wzorow\u0105 prac\u0119 w S\u0142u\u017cbie zdrowia.<\/p>\n<p style=\"text-align: justify\">W opinii tych, kt\u00f3rzy go znali; by\u0142 dr Kaszubski wybitn\u0105 jednostk\u0105 i wyj\u0105tkow\u0105 osobowo\u015bci\u0105, gotow\u0105 do po\u015bwi\u0119ce\u0144 dla ludzi i \u015brodowiska, anga\u017cuj\u0105c si\u0119 w wiele dziedzin \u017cycia spo\u0142ecznego i gospodarczego (np. budowa nowych osiedli czy zak\u0142ad\u00f3w pracy). By\u0142 autentycznie patriot\u0105, cz\u0142owiekiem, kt\u00f3ry ukocha\u0142 nasze miasto i na miar\u0119 mo\u017cliwo\u015bci s\u0142u\u017cy\u0142 sw\u0105 wiedz\u0105 i prac\u0105. Wydaje si\u0119, <strong>\u017ce zas\u0142uguje na to, aby Szpital Miejski w \u0141ukowie nosi\u0142 Jego Imi\u0119<\/strong>. Postulat taki wnios\u0142a grupa pracownik\u00f3w S\u0142u\u017cby Zdrowia do naszej Redakcji. Podobne \u017cyczenie wyrazi\u0142o sporo mieszka\u0144c\u00f3w naszego miasta, do dzi\u015b korzystaj\u0105cych z jego cennych inicjatyw i tw\u00f3rczej, ofiarnej pracy. Chcia\u0142oby si\u0119 powiedzie\u0107: <strong>niedoceniony<\/strong>, <strong>lecz niezapomniany<\/strong>.<\/p>\n<p>Autor: Bronis\u0142aw Okleja<br \/>\n\u0179r\u00f3d\u0142o: &#8220;Nowa Gazeta \u0141ukowska&#8221; 2\/1996<\/p>\n<hr>\n<p><object width=\"640\" height=\"480\"><param name=\"movie\" value=\"\/\/www.youtube.com\/v\/VEbaW1B6u-4?hl=pl_PL&amp;version=3\"><\/param><param name=\"allowFullScreen\" value=\"true\"><\/param><param name=\"allowscriptaccess\" value=\"always\"><\/param><embed src=\"\/\/www.youtube.com\/v\/VEbaW1B6u-4?hl=pl_PL&amp;version=3\" type=\"application\/x-shockwave-flash\" width=\"640\" height=\"480\" allowscriptaccess=\"always\" allowfullscreen=\"true\"><\/embed><\/object><\/p>\n<div class=\"ngg-galleryoverview\" id=\"ngg-gallery-22-1960\">\n<hr>\n<h3>D\u0105b Ryszarda Kaszubskiego<\/h3>\n<p>\t<!-- Thumbnails --><\/p>\n<div id=\"ngg-image-317\" class=\"ngg-gallery-thumbnail-box\"  >\n<div class=\"ngg-gallery-thumbnail\" >\n\t\t\t<a href=\"https:\/\/www.lukow-historia.pl\/\/wp-content\/gallery\/rk\/rk01.jpg\" title=\" \" rel=\"lightbox[set_22]\" ><br \/>\n\t\t\t\t\t\t\t\t<img title=\"D\u0105b Ryszarda Kaszubskiego\" alt=\"D\u0105b Ryszarda Kaszubskiego\" src=\"https:\/\/www.lukow-historia.pl\/\/wp-content\/gallery\/rk\/thumbs\/thumbs_rk01.jpg\" width=\"100\" height=\"75\" \/><br \/>\n\t\t\t\t\t\t\t<\/a>\n\t\t<\/div>\n<\/p><\/div>\n<div id=\"ngg-image-318\" class=\"ngg-gallery-thumbnail-box\"  >\n<div class=\"ngg-gallery-thumbnail\" >\n\t\t\t<a href=\"https:\/\/www.lukow-historia.pl\/\/wp-content\/gallery\/rk\/rk02.jpg\" title=\" \" rel=\"lightbox[set_22]\" ><br \/>\n\t\t\t\t\t\t\t\t<img title=\"D\u0105b Ryszarda Kaszubskiego\" alt=\"D\u0105b Ryszarda Kaszubskiego\" src=\"https:\/\/www.lukow-historia.pl\/\/wp-content\/gallery\/rk\/thumbs\/thumbs_rk02.jpg\" width=\"100\" height=\"75\" \/><br \/>\n\t\t\t\t\t\t\t<\/a>\n\t\t<\/div>\n<\/p><\/div>\n<div id=\"ngg-image-319\" class=\"ngg-gallery-thumbnail-box\"  >\n<div class=\"ngg-gallery-thumbnail\" >\n\t\t\t<a href=\"https:\/\/www.lukow-historia.pl\/\/wp-content\/gallery\/rk\/rk03.jpg\" title=\" \" rel=\"lightbox[set_22]\" ><br \/>\n\t\t\t\t\t\t\t\t<img title=\"D\u0105b Ryszarda Kaszubskiego\" alt=\"D\u0105b Ryszarda Kaszubskiego\" src=\"https:\/\/www.lukow-historia.pl\/\/wp-content\/gallery\/rk\/thumbs\/thumbs_rk03.jpg\" width=\"100\" height=\"75\" \/><br \/>\n\t\t\t\t\t\t\t<\/a>\n\t\t<\/div>\n<\/p><\/div>\n<div id=\"ngg-image-320\" class=\"ngg-gallery-thumbnail-box\"  >\n<div class=\"ngg-gallery-thumbnail\" >\n\t\t\t<a href=\"https:\/\/www.lukow-historia.pl\/\/wp-content\/gallery\/rk\/rk04.jpg\" title=\" \" rel=\"lightbox[set_22]\" ><br \/>\n\t\t\t\t\t\t\t\t<img title=\"D\u0105b Ryszarda Kaszubskiego\" alt=\"D\u0105b Ryszarda Kaszubskiego\" src=\"https:\/\/www.lukow-historia.pl\/\/wp-content\/gallery\/rk\/thumbs\/thumbs_rk04.jpg\" width=\"100\" height=\"75\" \/><br \/>\n\t\t\t\t\t\t\t<\/a>\n\t\t<\/div>\n<\/p><\/div>\n<div id=\"ngg-image-321\" class=\"ngg-gallery-thumbnail-box\"  >\n<div class=\"ngg-gallery-thumbnail\" >\n\t\t\t<a href=\"https:\/\/www.lukow-historia.pl\/\/wp-content\/gallery\/rk\/rk05.jpg\" title=\" \" rel=\"lightbox[set_22]\" ><br \/>\n\t\t\t\t\t\t\t\t<img title=\"D\u0105b Ryszarda Kaszubskiego\" alt=\"D\u0105b Ryszarda Kaszubskiego\" src=\"https:\/\/www.lukow-historia.pl\/\/wp-content\/gallery\/rk\/thumbs\/thumbs_rk05.jpg\" width=\"100\" height=\"75\" \/><br \/>\n\t\t\t\t\t\t\t<\/a>\n\t\t<\/div>\n<\/p><\/div>\n<div id=\"ngg-image-322\" class=\"ngg-gallery-thumbnail-box\"  >\n<div class=\"ngg-gallery-thumbnail\" >\n\t\t\t<a href=\"https:\/\/www.lukow-historia.pl\/\/wp-content\/gallery\/rk\/rk06.jpg\" title=\" \" rel=\"lightbox[set_22]\" ><br \/>\n\t\t\t\t\t\t\t\t<img title=\"D\u0105b Ryszarda Kaszubskiego\" alt=\"D\u0105b Ryszarda Kaszubskiego\" src=\"https:\/\/www.lukow-historia.pl\/\/wp-content\/gallery\/rk\/thumbs\/thumbs_rk06.jpg\" width=\"100\" height=\"75\" \/><br \/>\n\t\t\t\t\t\t\t<\/a>\n\t\t<\/div>\n<\/p><\/div>\n<div id=\"ngg-image-323\" class=\"ngg-gallery-thumbnail-box\"  >\n<div class=\"ngg-gallery-thumbnail\" >\n\t\t\t<a href=\"https:\/\/www.lukow-historia.pl\/\/wp-content\/gallery\/rk\/rk07.jpg\" title=\" \" rel=\"lightbox[set_22]\" ><br \/>\n\t\t\t\t\t\t\t\t<img title=\"D\u0105b Ryszarda Kaszubskiego\" alt=\"D\u0105b Ryszarda Kaszubskiego\" src=\"https:\/\/www.lukow-historia.pl\/\/wp-content\/gallery\/rk\/thumbs\/thumbs_rk07.jpg\" width=\"100\" height=\"75\" \/><br \/>\n\t\t\t\t\t\t\t<\/a>\n\t\t<\/div>\n<\/p><\/div>\n<div id=\"ngg-image-324\" class=\"ngg-gallery-thumbnail-box\"  >\n<div class=\"ngg-gallery-thumbnail\" >\n\t\t\t<a href=\"https:\/\/www.lukow-historia.pl\/\/wp-content\/gallery\/rk\/rk08.jpg\" title=\" \" rel=\"lightbox[set_22]\" ><br \/>\n\t\t\t\t\t\t\t\t<img title=\"D\u0105b Ryszarda Kaszubskiego\" alt=\"D\u0105b Ryszarda Kaszubskiego\" src=\"https:\/\/www.lukow-historia.pl\/\/wp-content\/gallery\/rk\/thumbs\/thumbs_rk08.jpg\" width=\"100\" height=\"75\" \/><br \/>\n\t\t\t\t\t\t\t<\/a>\n\t\t<\/div>\n<\/p><\/div>\n<div id=\"ngg-image-325\" class=\"ngg-gallery-thumbnail-box\"  >\n<div class=\"ngg-gallery-thumbnail\" >\n\t\t\t<a href=\"https:\/\/www.lukow-historia.pl\/\/wp-content\/gallery\/rk\/rk09.jpg\" title=\" \" rel=\"lightbox[set_22]\" ><br \/>\n\t\t\t\t\t\t\t\t<img title=\"D\u0105b Ryszarda Kaszubskiego\" alt=\"D\u0105b Ryszarda Kaszubskiego\" src=\"https:\/\/www.lukow-historia.pl\/\/wp-content\/gallery\/rk\/thumbs\/thumbs_rk09.jpg\" width=\"100\" height=\"75\" \/><br \/>\n\t\t\t\t\t\t\t<\/a>\n\t\t<\/div>\n<\/p><\/div>\n<div id=\"ngg-image-326\" class=\"ngg-gallery-thumbnail-box\"  >\n<div class=\"ngg-gallery-thumbnail\" >\n\t\t\t<a href=\"https:\/\/www.lukow-historia.pl\/\/wp-content\/gallery\/rk\/rk10.jpg\" title=\" \" rel=\"lightbox[set_22]\" ><br \/>\n\t\t\t\t\t\t\t\t<img title=\"D\u0105b Ryszarda Kaszubskiego\" alt=\"D\u0105b Ryszarda Kaszubskiego\" src=\"https:\/\/www.lukow-historia.pl\/\/wp-content\/gallery\/rk\/thumbs\/thumbs_rk10.jpg\" width=\"100\" height=\"75\" \/><br \/>\n\t\t\t\t\t\t\t<\/a>\n\t\t<\/div>\n<\/p><\/div>\n<div id=\"ngg-image-327\" class=\"ngg-gallery-thumbnail-box\"  >\n<div class=\"ngg-gallery-thumbnail\" >\n\t\t\t<a href=\"https:\/\/www.lukow-historia.pl\/\/wp-content\/gallery\/rk\/rk11.jpg\" title=\" \" rel=\"lightbox[set_22]\" ><br \/>\n\t\t\t\t\t\t\t\t<img title=\"D\u0105b Ryszarda Kaszubskiego\" alt=\"D\u0105b Ryszarda Kaszubskiego\" src=\"https:\/\/www.lukow-historia.pl\/\/wp-content\/gallery\/rk\/thumbs\/thumbs_rk11.jpg\" width=\"100\" height=\"75\" \/><br \/>\n\t\t\t\t\t\t\t<\/a>\n\t\t<\/div>\n<\/p><\/div>\n<div id=\"ngg-image-328\" class=\"ngg-gallery-thumbnail-box\"  >\n<div class=\"ngg-gallery-thumbnail\" >\n\t\t\t<a href=\"https:\/\/www.lukow-historia.pl\/\/wp-content\/gallery\/rk\/rk12.jpg\" title=\" \" rel=\"lightbox[set_22]\" ><br \/>\n\t\t\t\t\t\t\t\t<img title=\"D\u0105b Ryszarda Kaszubskiego\" alt=\"D\u0105b Ryszarda Kaszubskiego\" src=\"https:\/\/www.lukow-historia.pl\/\/wp-content\/gallery\/rk\/thumbs\/thumbs_rk12.jpg\" width=\"100\" height=\"75\" \/><br \/>\n\t\t\t\t\t\t\t<\/a>\n\t\t<\/div>\n<\/p><\/div>\n<div id=\"ngg-image-329\" class=\"ngg-gallery-thumbnail-box\"  >\n<div class=\"ngg-gallery-thumbnail\" >\n\t\t\t<a href=\"https:\/\/www.lukow-historia.pl\/\/wp-content\/gallery\/rk\/rk13.jpg\" title=\" \" rel=\"lightbox[set_22]\" ><br \/>\n\t\t\t\t\t\t\t\t<img title=\"D\u0105b Ryszarda Kaszubskiego\" alt=\"D\u0105b Ryszarda Kaszubskiego\" src=\"https:\/\/www.lukow-historia.pl\/\/wp-content\/gallery\/rk\/thumbs\/thumbs_rk13.jpg\" width=\"100\" height=\"75\" \/><br \/>\n\t\t\t\t\t\t\t<\/a>\n\t\t<\/div>\n<\/p><\/div>\n<div id=\"ngg-image-330\" class=\"ngg-gallery-thumbnail-box\"  >\n<div class=\"ngg-gallery-thumbnail\" >\n\t\t\t<a href=\"https:\/\/www.lukow-historia.pl\/\/wp-content\/gallery\/rk\/rk14.jpg\" title=\" \" rel=\"lightbox[set_22]\" ><br \/>\n\t\t\t\t\t\t\t\t<img title=\"D\u0105b Ryszarda Kaszubskiego\" alt=\"D\u0105b Ryszarda Kaszubskiego\" src=\"https:\/\/www.lukow-historia.pl\/\/wp-content\/gallery\/rk\/thumbs\/thumbs_rk14.jpg\" width=\"100\" height=\"75\" \/><br \/>\n\t\t\t\t\t\t\t<\/a>\n\t\t<\/div>\n<\/p><\/div>\n<div id=\"ngg-image-331\" class=\"ngg-gallery-thumbnail-box\"  >\n<div class=\"ngg-gallery-thumbnail\" >\n\t\t\t<a href=\"https:\/\/www.lukow-historia.pl\/\/wp-content\/gallery\/rk\/rk15.jpg\" title=\" \" rel=\"lightbox[set_22]\" ><br \/>\n\t\t\t\t\t\t\t\t<img title=\"D\u0105b Ryszarda Kaszubskiego\" alt=\"D\u0105b Ryszarda Kaszubskiego\" src=\"https:\/\/www.lukow-historia.pl\/\/wp-content\/gallery\/rk\/thumbs\/thumbs_rk15.jpg\" width=\"100\" height=\"75\" \/><br \/>\n\t\t\t\t\t\t\t<\/a>\n\t\t<\/div>\n<\/p><\/div>\n<p>\t<!-- Pagination --><\/p>\n<div class='ngg-clear'><\/div>\n<\/div>\n<p><a href=\"\/?page_id=220\">Powr\u00f3t dp albumu<\/a><\/p>\n<p>19 kwietnia 2009 r. przed budynkiem Samodzielnego Publicznego Zak\u0142adu Opieki Zdrowotnej w \u0141ukowie zosta\u0142 posadzony d\u0105b pami\u0119ci dr med. Ryszarda Kaszubskiego.<\/p>\n<p><em>\u0179r\u00f3d\u0142o: www.spzoz.lukow.pl<\/em><\/p>\n","protected":false},"excerpt":{"rendered":"<p>Starsi mieszka\u0144cy \u0141ukowa pami\u0119taj\u0105 dostojn\u0105 posta\u0107 doktora Ryszarda Kaszubskiego. Cieszy\u0142 si\u0119 on ogromn\u0105 sympati\u0105 za sw\u00f3j stosunek do ludzi i zaanga\u017cowanie w rozwi\u0105zywaniu wielu spraw, kt\u00f3rymi \u017cy\u0142o miasto w latach 50-tych i 60-tych. Ostatnio w zwi\u0105zku z 20-rocznic\u0105 jego \u015bmierci cz\u0119sto s\u0142yszy si\u0119 g\u0142osy, aby szpital w \u0141ukowie nosi\u0142 imi\u0119 tego lekarza i spo\u0142ecznika. Urodzi\u0142 si\u0119 on 17 maja 1908 &#8230;<\/p>\n","protected":false},"author":1,"featured_media":1973,"comment_status":"open","ping_status":"open","sticky":false,"template":"","format":"standard","meta":[],"categories":[30],"tags":[562,159,305,275,16,385,565,567,449,568,561,545,8,7,1522,563,566,569,564,377],"_links":{"self":[{"href":"https:\/\/www.lukow-historia.pl\/index.php?rest_route=\/wp\/v2\/posts\/1960"}],"collection":[{"href":"https:\/\/www.lukow-historia.pl\/index.php?rest_route=\/wp\/v2\/posts"}],"about":[{"href":"https:\/\/www.lukow-historia.pl\/index.php?rest_route=\/wp\/v2\/types\/post"}],"author":[{"embeddable":true,"href":"https:\/\/www.lukow-historia.pl\/index.php?rest_route=\/wp\/v2\/users\/1"}],"replies":[{"embeddable":true,"href":"https:\/\/www.lukow-historia.pl\/index.php?rest_route=%2Fwp%2Fv2%2Fcomments&post=1960"}],"version-history":[{"count":10,"href":"https:\/\/www.lukow-historia.pl\/index.php?rest_route=\/wp\/v2\/posts\/1960\/revisions"}],"predecessor-version":[{"id":6887,"href":"https:\/\/www.lukow-historia.pl\/index.php?rest_route=\/wp\/v2\/posts\/1960\/revisions\/6887"}],"wp:featuredmedia":[{"embeddable":true,"href":"https:\/\/www.lukow-historia.pl\/index.php?rest_route=\/wp\/v2\/media\/1973"}],"wp:attachment":[{"href":"https:\/\/www.lukow-historia.pl\/index.php?rest_route=%2Fwp%2Fv2%2Fmedia&parent=1960"}],"wp:term":[{"taxonomy":"category","embeddable":true,"href":"https:\/\/www.lukow-historia.pl\/index.php?rest_route=%2Fwp%2Fv2%2Fcategories&post=1960"},{"taxonomy":"post_tag","embeddable":true,"href":"https:\/\/www.lukow-historia.pl\/index.php?rest_route=%2Fwp%2Fv2%2Ftags&post=1960"}],"curies":[{"name":"wp","href":"https:\/\/api.w.org\/{rel}","templated":true}]}}