{"id":2092,"date":"2013-09-15T22:14:57","date_gmt":"2013-09-15T20:14:57","guid":{"rendered":"http:\/\/www.lukow-historia.pl\/?p=2092"},"modified":"2013-10-22T22:52:31","modified_gmt":"2013-10-22T20:52:31","slug":"nieznana-historia-miasta","status":"publish","type":"post","link":"https:\/\/www.lukow-historia.pl\/?p=2092","title":{"rendered":"Nieznana historia miasta"},"content":{"rendered":"<p style=\"text-align: justify\">W dniu 28.XI.1920 r, pod przewodnictwem burmistrza \u0141ukowa Andrzeja \u015aledzia, zawi\u0105za\u0142 si\u0119 Komitet Budowy \u0141a\u017ani Miejskiej, w sk\u0142ad kt\u00f3rego weszli: Ks. kn. Kazimierz Kwiatkowski, Antoni Stilkr &#8211; inspektor ubezpiecze\u0144 wzajemnych budowli od ognia, dr Bronis\u0142aw Ch\u0105ci\u0144ski &#8211; ordynator Szpitala \u015bw. Tadeusza, Adam Tr\u0119bicki &#8211; s\u0119dzia pokoju, Micha\u0142 Kami\u0144ski &#8211; \u0142awnik Rady Miejskiej, dr Leon Kiernicki &#8211; lekarz powiatowy, in\u017c. Mieczys\u0142aw Roma\u0144ski &#8211; in\u017cynier architekt powiatu \u0142ukowskiego.<\/p>\n<p style=\"text-align: justify\">\u201eNa posiedzeniu w dniu 14 grudnia 1920 roku Rada Miejska \u0141ukowa postanowi\u0142a wobec nag\u0142ej &#8211; pal\u0105cej potrzeby budowy \u0142a\u017ani w \u0141ukowie wszystkie warunki Naczelnego Komisariatu do walki z chorobami zaka\u017anemi z wdzi\u0119czno\u015bci\u0105 przyj\u0105\u0107 na postawionych przez Komisariat warunkach i podj\u0119\u0142a uchwa\u0142\u0119 ofiarowania bezp\u0142atnie placu pod budow\u0119 \u0142a\u017ani przy ul. \u017belechowskiej (przyp.- obecnie Warszawskiej ) przy rzece Krznie obok zaprojektowanej budowy elektrowni oraz 20 % koszt\u00f3w budowy \u0142a\u017ani przyj\u0105\u0107 na miasto&#8221;.<\/p>\n<p style=\"text-align: justify\">Po up\u0142ywie czterech lat, tj. w 1924 r, oddano do u\u017cytku \u0142a\u017ani\u0119 rzymsk\u0105 o 4 wannach i ma\u0142ej par\u00f3wce ( para z kamienia ). Oko\u0142o 50 najubo\u017cszych os\u00f3b z miasta korzysta\u0142o co tydzie\u0144 z k\u0105pieli bezp\u0142atnie. W \u0141ukowie by\u0142y jeszcze \u0142a\u017anie: kolejowa i rytualna \u017cydowska (mykwa).<\/p>\n<div class=\"aligncenter\"><span class=\"shadow_frame\"><a rel=\"prettyPhoto\" href=\"https:\/\/www.lukow-historia.pl\/wp-content\/uploads\/2013\/10\/lukow-laznia.jpg\" title=\"\"><img class=\"framed\" src=\"https:\/\/www.lukow-historia.pl\/wp-content\/uploads\/2013\/10\/lukow-laznia.jpg\" title=\"\" alt=\"\" width=\"500\" height=\"314\" \/><\/a><img alt=\"\" src=\"https:\/\/www.lukow-historia.pl\/wp-content\/themes\/infocus\/images\/shortcodes\/image_shadow.png\" style=\"width:500px;\" class=\"image_shadow\"><\/span><\/div><p style=\"text-align: justify\">Na zdj\u0119ciu z 1922 roku stoj\u0105 m.in. w pierwszym rz\u0119dzie od lewej: murarz \u0141ukaszewski, drugi &#8211; dzia\u0142acz samorz\u0105dowy Walerian Kulbicki, murarz Peryt, czwarty &#8211; Ludwik Lipi\u0144ski, sz\u00f3sty (nieco cofni\u0119ty) &#8211; Wac\u0142aw Bia\u0142kowski, si\u00f3dmy (z odkryt\u0105 g\u0142ow\u0105) &#8211; burmistrz Andrzej \u015aled\u017a, \u00f3smy (z lask\u0105) dr Bronis\u0142aw Ch\u0119ci\u0144ski, z ty\u0142u w kapeluszu (nieco zas\u0142oni\u0119ty) &#8211; starosta Micha\u0142 S\u0142omi\u0144ski, z ty\u0142u w cyklist\u00f3wce &#8211; Micha\u0142 Kami\u0144ski, trzynasty (wysoki w cyklist\u00f3wce) &#8211; Marcin Bereda, czternasty (w kapeluszu, z okularami) dyr. gimnazjum Bronis\u0142aw Przedpe\u0142ski, pi\u0119tnasty (w rozpi\u0119tym p\u0142aszczu) &#8211; Feliks \u015aled\u017a, szesnasty (w p\u0142aszczu i maciej\u00f3wce) &#8211; \u0142awnik Wincenty Cabaj<\/p>\n<p><em>Autor: Ryszard Grafik<br \/>\nZdj\u0119cie: ze zbior\u00f3w R. Grafika pochodzi z pracowni Karola Piatczyca<br \/>\n\u0179r\u00f3d\u0142o: &#8220;Nowa Gazeta \u0141ukowska&#8221; 12\/1999<br \/>\n<\/em><\/p>\n<div class=\"ngg-galleryoverview\" id=\"ngg-gallery-26-2092\">\n<hr>\n<h3>Budynek \u0142a\u017ani miejskiej w \u0141ukowie<\/h3>\n<p>\t<!-- Thumbnails --><\/p>\n<div id=\"ngg-image-350\" class=\"ngg-gallery-thumbnail-box\"  >\n<div class=\"ngg-gallery-thumbnail\" >\n\t\t\t<a href=\"https:\/\/www.lukow-historia.pl\/\/wp-content\/gallery\/laznia\/lukow-laznia-01.jpg\" title=\" \" rel=\"lightbox[set_26]\" ><br \/>\n\t\t\t\t\t\t\t\t<img title=\"Budynek \u0142a\u017ani miejskiej w \u0141ukowie\" alt=\"Budynek \u0142a\u017ani miejskiej w \u0141ukowie\" src=\"https:\/\/www.lukow-historia.pl\/\/wp-content\/gallery\/laznia\/thumbs\/thumbs_lukow-laznia-01.jpg\" width=\"100\" height=\"75\" \/><br \/>\n\t\t\t\t\t\t\t<\/a>\n\t\t<\/div>\n<\/p><\/div>\n<div id=\"ngg-image-351\" class=\"ngg-gallery-thumbnail-box\"  >\n<div class=\"ngg-gallery-thumbnail\" >\n\t\t\t<a href=\"https:\/\/www.lukow-historia.pl\/\/wp-content\/gallery\/laznia\/lukow-laznia-02.jpg\" title=\" \" rel=\"lightbox[set_26]\" ><br \/>\n\t\t\t\t\t\t\t\t<img title=\"Budynek \u0142a\u017ani miejskiej w \u0141ukowie\" alt=\"Budynek \u0142a\u017ani miejskiej w \u0141ukowie\" src=\"https:\/\/www.lukow-historia.pl\/\/wp-content\/gallery\/laznia\/thumbs\/thumbs_lukow-laznia-02.jpg\" width=\"100\" height=\"75\" \/><br \/>\n\t\t\t\t\t\t\t<\/a>\n\t\t<\/div>\n<\/p><\/div>\n<div id=\"ngg-image-352\" class=\"ngg-gallery-thumbnail-box\"  >\n<div class=\"ngg-gallery-thumbnail\" >\n\t\t\t<a href=\"https:\/\/www.lukow-historia.pl\/\/wp-content\/gallery\/laznia\/lukow-laznia-03.jpg\" title=\" \" rel=\"lightbox[set_26]\" ><br \/>\n\t\t\t\t\t\t\t\t<img title=\"Budynek \u0142a\u017ani miejskiej w \u0141ukowie\" alt=\"Budynek \u0142a\u017ani miejskiej w \u0141ukowie\" src=\"https:\/\/www.lukow-historia.pl\/\/wp-content\/gallery\/laznia\/thumbs\/thumbs_lukow-laznia-03.jpg\" width=\"100\" height=\"75\" \/><br \/>\n\t\t\t\t\t\t\t<\/a>\n\t\t<\/div>\n<\/p><\/div>\n<div id=\"ngg-image-353\" class=\"ngg-gallery-thumbnail-box\"  >\n<div class=\"ngg-gallery-thumbnail\" >\n\t\t\t<a href=\"https:\/\/www.lukow-historia.pl\/\/wp-content\/gallery\/laznia\/lukow-laznia-04.jpg\" title=\" \" rel=\"lightbox[set_26]\" ><br \/>\n\t\t\t\t\t\t\t\t<img title=\"Budynek \u0142a\u017ani miejskiej w \u0141ukowie\" alt=\"Budynek \u0142a\u017ani miejskiej w \u0141ukowie\" src=\"https:\/\/www.lukow-historia.pl\/\/wp-content\/gallery\/laznia\/thumbs\/thumbs_lukow-laznia-04.jpg\" width=\"100\" height=\"75\" \/><br \/>\n\t\t\t\t\t\t\t<\/a>\n\t\t<\/div>\n<\/p><\/div>\n<div id=\"ngg-image-354\" class=\"ngg-gallery-thumbnail-box\"  >\n<div class=\"ngg-gallery-thumbnail\" >\n\t\t\t<a href=\"https:\/\/www.lukow-historia.pl\/\/wp-content\/gallery\/laznia\/lukow-laznia-05.jpg\" title=\" \" rel=\"lightbox[set_26]\" ><br \/>\n\t\t\t\t\t\t\t\t<img title=\"Budynek \u0142a\u017ani miejskiej w \u0141ukowie\" alt=\"Budynek \u0142a\u017ani miejskiej w \u0141ukowie\" src=\"https:\/\/www.lukow-historia.pl\/\/wp-content\/gallery\/laznia\/thumbs\/thumbs_lukow-laznia-05.jpg\" width=\"100\" height=\"75\" \/><br \/>\n\t\t\t\t\t\t\t<\/a>\n\t\t<\/div>\n<\/p><\/div>\n<div id=\"ngg-image-355\" class=\"ngg-gallery-thumbnail-box\"  >\n<div class=\"ngg-gallery-thumbnail\" >\n\t\t\t<a href=\"https:\/\/www.lukow-historia.pl\/\/wp-content\/gallery\/laznia\/lukow-laznia-06.jpg\" title=\" \" rel=\"lightbox[set_26]\" ><br \/>\n\t\t\t\t\t\t\t\t<img title=\"Budynek \u0142a\u017ani miejskiej w \u0141ukowie\" alt=\"Budynek \u0142a\u017ani miejskiej w \u0141ukowie\" src=\"https:\/\/www.lukow-historia.pl\/\/wp-content\/gallery\/laznia\/thumbs\/thumbs_lukow-laznia-06.jpg\" width=\"100\" height=\"75\" \/><br \/>\n\t\t\t\t\t\t\t<\/a>\n\t\t<\/div>\n<\/p><\/div>\n<div id=\"ngg-image-356\" class=\"ngg-gallery-thumbnail-box\"  >\n<div class=\"ngg-gallery-thumbnail\" >\n\t\t\t<a href=\"https:\/\/www.lukow-historia.pl\/\/wp-content\/gallery\/laznia\/lukow-laznia-07.jpg\" title=\" \" rel=\"lightbox[set_26]\" ><br \/>\n\t\t\t\t\t\t\t\t<img title=\"Budynek \u0142a\u017ani miejskiej w \u0141ukowie\" alt=\"Budynek \u0142a\u017ani miejskiej w \u0141ukowie\" src=\"https:\/\/www.lukow-historia.pl\/\/wp-content\/gallery\/laznia\/thumbs\/thumbs_lukow-laznia-07.jpg\" width=\"100\" height=\"75\" \/><br \/>\n\t\t\t\t\t\t\t<\/a>\n\t\t<\/div>\n<\/p><\/div>\n<div id=\"ngg-image-357\" class=\"ngg-gallery-thumbnail-box\"  >\n<div class=\"ngg-gallery-thumbnail\" >\n\t\t\t<a href=\"https:\/\/www.lukow-historia.pl\/\/wp-content\/gallery\/laznia\/lukow-laznia-08.jpg\" title=\" \" rel=\"lightbox[set_26]\" ><br \/>\n\t\t\t\t\t\t\t\t<img title=\"Budynek \u0142a\u017ani miejskiej w \u0141ukowie\" alt=\"Budynek \u0142a\u017ani miejskiej w \u0141ukowie\" src=\"https:\/\/www.lukow-historia.pl\/\/wp-content\/gallery\/laznia\/thumbs\/thumbs_lukow-laznia-08.jpg\" width=\"100\" height=\"75\" \/><br \/>\n\t\t\t\t\t\t\t<\/a>\n\t\t<\/div>\n<\/p><\/div>\n<p>\t<!-- Pagination --><\/p>\n<div class='ngg-clear'><\/div>\n<\/div>\n<p><a href=\"\/?page_id=220\">Powr\u00f3t dp albumu<\/a><\/p>\n","protected":false},"excerpt":{"rendered":"<p>W dniu 28.XI.1920 r, pod przewodnictwem burmistrza \u0141ukowa Andrzeja \u015aledzia, zawi\u0105za\u0142 si\u0119 Komitet Budowy \u0141a\u017ani Miejskiej, w sk\u0142ad kt\u00f3rego weszli: Ks. kn. Kazimierz Kwiatkowski, Antoni Stilkr &#8211; inspektor ubezpiecze\u0144 wzajemnych budowli od ognia, dr Bronis\u0142aw Ch\u0105ci\u0144ski &#8211; ordynator Szpitala \u015bw. Tadeusza, Adam Tr\u0119bicki &#8211; s\u0119dzia pokoju, Micha\u0142 Kami\u0144ski &#8211; \u0142awnik Rady Miejskiej, dr Leon Kiernicki &#8211; lekarz powiatowy, in\u017c. Mieczys\u0142aw &#8230;<\/p>\n","protected":false},"author":1,"featured_media":2202,"comment_status":"open","ping_status":"open","sticky":false,"template":"","format":"standard","meta":[],"categories":[30,436],"tags":[180,157,160,281,667,669,670,163,666,677,668,270,245,674,679,676,181,164,671,672,239,194,675,673,678],"_links":{"self":[{"href":"https:\/\/www.lukow-historia.pl\/index.php?rest_route=\/wp\/v2\/posts\/2092"}],"collection":[{"href":"https:\/\/www.lukow-historia.pl\/index.php?rest_route=\/wp\/v2\/posts"}],"about":[{"href":"https:\/\/www.lukow-historia.pl\/index.php?rest_route=\/wp\/v2\/types\/post"}],"author":[{"embeddable":true,"href":"https:\/\/www.lukow-historia.pl\/index.php?rest_route=\/wp\/v2\/users\/1"}],"replies":[{"embeddable":true,"href":"https:\/\/www.lukow-historia.pl\/index.php?rest_route=%2Fwp%2Fv2%2Fcomments&post=2092"}],"version-history":[{"count":6,"href":"https:\/\/www.lukow-historia.pl\/index.php?rest_route=\/wp\/v2\/posts\/2092\/revisions"}],"predecessor-version":[{"id":2205,"href":"https:\/\/www.lukow-historia.pl\/index.php?rest_route=\/wp\/v2\/posts\/2092\/revisions\/2205"}],"wp:featuredmedia":[{"embeddable":true,"href":"https:\/\/www.lukow-historia.pl\/index.php?rest_route=\/wp\/v2\/media\/2202"}],"wp:attachment":[{"href":"https:\/\/www.lukow-historia.pl\/index.php?rest_route=%2Fwp%2Fv2%2Fmedia&parent=2092"}],"wp:term":[{"taxonomy":"category","embeddable":true,"href":"https:\/\/www.lukow-historia.pl\/index.php?rest_route=%2Fwp%2Fv2%2Fcategories&post=2092"},{"taxonomy":"post_tag","embeddable":true,"href":"https:\/\/www.lukow-historia.pl\/index.php?rest_route=%2Fwp%2Fv2%2Ftags&post=2092"}],"curies":[{"name":"wp","href":"https:\/\/api.w.org\/{rel}","templated":true}]}}