{"id":21,"date":"2012-08-13T06:36:40","date_gmt":"2012-08-13T06:36:40","guid":{"rendered":"http:\/\/lh.one.pl\/?p=21"},"modified":"2013-06-28T18:36:15","modified_gmt":"2013-06-28T16:36:15","slug":"linia-nr-30-lukow-lublin","status":"publish","type":"post","link":"https:\/\/www.lukow-historia.pl\/?p=21","title":{"rendered":"Linia kolejowa nr 30 \u0141uk\u00f3w-Lublin"},"content":{"rendered":"<p style=\"text-align: justify\">Linia nr 30 \u0141uk\u00f3w-Lublin powsta\u0142a w ramach strategicznej koncepcji rosyjskiej zak\u0142adaj\u0105cej przyj\u0119cie ataku ze strony Niemiec i Austrii na linii Narwi i Wis\u0142y oraz pozostawienia 80-100 kilometrowego pasa bez kolejowego od Che\u0142ma do R\u00f3wnego (mniej wi\u0119cej). Koncepcja ta zak\u0142ada\u0142a wybudowanie szeregu linii kolejowych s\u0142u\u017c\u0105cych dowozowi zaopatrzenia na fronty przysz\u0142ej wojny. Jedn\u0105 z takich linii jest w\u0142a\u015bnie linia \u0141uk\u00f3w-Lublin.<br \/>\nJak w wi\u0119kszo\u015bci przypadk\u00f3w linii kolejowych w Polsce dzieje s\u0105 skomplikowane i jest jeszcze par\u0119 zagadek do wyja\u015bnienia.<br \/>\nNiestety nie wiem kiedy rozpocz\u0119to budow\u0119 tej linii, ale mog\u0119 przypuszcza\u0107 \u017ce dzia\u0142o si\u0119 to oko\u0142o 1893 lub 1894 r.<\/p>\n<p style=\"text-align: justify\">W sierpniu roku nast\u0119pnego &#8220;Kurjer Kolejowy&#8221; zapowiada\u0142 rych\u0142e uruchomienie tego odcinka.<\/p>\n<div class=\"aligncenter\"><span class=\"shadow_frame\"><a rel=\"prettyPhoto\" href=\"https:\/\/www.lukow-historia.pl\/wp-content\/uploads\/2012\/08\/linia30_wycinek1.jpg\" title=\"\"><img class=\"framed\" src=\"https:\/\/www.lukow-historia.pl\/wp-content\/uploads\/2012\/08\/linia30_wycinek1.jpg\" title=\"\" alt=\"\" width=\"300\" height=\"325\" \/><\/a><img alt=\"\" src=\"https:\/\/www.lukow-historia.pl\/wp-content\/themes\/infocus\/images\/shortcodes\/image_shadow.png\" style=\"width:300px;\" class=\"image_shadow\"><\/span><\/div><p style=\"text-align: justify\">\u0141ukowski Magistrat (Ratusz) &#8211; w okresie okupacji siedziba siedziba Gestapo. (fot. Konrad Osypi\u0144ski &#8211; kolekcja prywatna)<\/p>\n<p style=\"text-align: justify\">Ju\u017c miesi\u0105c p\u00f3\u017aniej uruchomienie zosta\u0142o przesuni\u0119te.<\/p>\n<div class=\"aligncenter\"><span class=\"shadow_frame\"><a rel=\"prettyPhoto\" href=\"https:\/\/www.lukow-historia.pl\/wp-content\/uploads\/2012\/08\/linia30_wycinek2.jpg\" title=\"\"><img class=\"framed\" src=\"https:\/\/www.lukow-historia.pl\/wp-content\/uploads\/2012\/08\/linia30_wycinek2.jpg\" title=\"\" alt=\"\" width=\"300\" height=\"216\" \/><\/a><img alt=\"\" src=\"https:\/\/www.lukow-historia.pl\/wp-content\/themes\/infocus\/images\/shortcodes\/image_shadow.png\" style=\"width:300px;\" class=\"image_shadow\"><\/span><\/div><p style=\"text-align: justify\">Jak mo\u017cna przypuszcza\u0107 powodem przesuwania kolejnych termin\u00f3w uruchomienia linii \u0142ukowskiej by\u0142 brak dw\u00f3ch most\u00f3w (na Wieprzu i Ty\u015bmienicy) kt\u00f3re firma Rudzki z Warszawy mia\u0142a wybudowa\u0107. Skutkiem tego wybudowano dwie tymczasowe przeprawy i cierpliwie czekano a\u017c firma Rudzki mosty wybuduje, co nast\u0105pi\u0142o oko\u0142o roku 1905 r.<\/p>\n<p style=\"text-align: justify\">W styczniu 1898 r. budowa linii mia\u0142a si\u0119 ku ko\u0144cowi o czym niezawodny &#8220;Kurjer Kolejowy&#8221; donosi\u0142 w dniu 18 stycznia tego\u017c roku.<\/p>\n<div class=\"aligncenter\"><span class=\"shadow_frame\"><a rel=\"prettyPhoto\" href=\"https:\/\/www.lukow-historia.pl\/wp-content\/uploads\/2012\/08\/linia30_wycinek3.jpg\" title=\"\"><img class=\"framed\" src=\"https:\/\/www.lukow-historia.pl\/wp-content\/uploads\/2012\/08\/linia30_wycinek3.jpg\" title=\"\" alt=\"\" width=\"300\" height=\"323\" \/><\/a><img alt=\"\" src=\"https:\/\/www.lukow-historia.pl\/wp-content\/themes\/infocus\/images\/shortcodes\/image_shadow.png\" style=\"width:300px;\" class=\"image_shadow\"><\/span><\/div><p style=\"text-align: justify\">W tym czasie wymieniony w pierwszej notatce zarz\u0105d kolei terespolskiej (skarbowej czyli pa\u0144stwowej), kt\u00f3ry mia\u0142 zarz\u0105dza\u0107 lini\u0105 \u0141uk\u00f3w\u2013Lublin po\u0142\u0105czy\u0142 si\u0119 by\u0142 ze skarbowym od 1897 r. zarz\u0105dem Drogi \u017belaznej Nadwi\u015bla\u0144skiej i przyj\u0105\u0142 nazw\u0119 jak poni\u017cej:<\/p>\n<div class=\"aligncenter\"><span class=\"shadow_frame\"><a rel=\"prettyPhoto\" href=\"https:\/\/www.lukow-historia.pl\/wp-content\/uploads\/2012\/08\/linia30_wycinek4.jpg\" title=\"\"><img class=\"framed\" src=\"https:\/\/www.lukow-historia.pl\/wp-content\/uploads\/2012\/08\/linia30_wycinek4.jpg\" title=\"\" alt=\"\" width=\"300\" height=\"159\" \/><\/a><img alt=\"\" src=\"https:\/\/www.lukow-historia.pl\/wp-content\/themes\/infocus\/images\/shortcodes\/image_shadow.png\" style=\"width:300px;\" class=\"image_shadow\"><\/span><\/div><p style=\"text-align: justify\">Jednym z pierwszych zarz\u0105dze\u0144 wy\u017cej wymienionego zarz\u0105du by\u0142o odwo\u0142anie uruchomienia linii \u0141uk\u00f3w-Lublin.<\/p>\n<div class=\"aligncenter\"><span class=\"shadow_frame\"><a rel=\"prettyPhoto\" href=\"https:\/\/www.lukow-historia.pl\/wp-content\/uploads\/2012\/08\/linia30_wycinek5.jpg\" title=\"\"><img class=\"framed\" src=\"https:\/\/www.lukow-historia.pl\/wp-content\/uploads\/2012\/08\/linia30_wycinek5.jpg\" title=\"\" alt=\"\" width=\"300\" height=\"364\" \/><\/a><img alt=\"\" src=\"https:\/\/www.lukow-historia.pl\/wp-content\/themes\/infocus\/images\/shortcodes\/image_shadow.png\" style=\"width:300px;\" class=\"image_shadow\"><\/span><\/div><p style=\"text-align: justify\">Nast\u0119pn\u0105 pr\u00f3b\u0119 uruchomieni tej\u017ce linii wyznaczono na dzie\u0144 30 marca 1898 r.<\/p>\n<div class=\"aligncenter\"><span class=\"shadow_frame\"><a rel=\"prettyPhoto\" href=\"https:\/\/www.lukow-historia.pl\/wp-content\/uploads\/2012\/08\/linia30_wycinek6.jpg\" title=\"\"><img class=\"framed\" src=\"https:\/\/www.lukow-historia.pl\/wp-content\/uploads\/2012\/08\/linia30_wycinek6.jpg\" title=\"\" alt=\"\" width=\"300\" height=\"100\" \/><\/a><img alt=\"\" src=\"https:\/\/www.lukow-historia.pl\/wp-content\/themes\/infocus\/images\/shortcodes\/image_shadow.png\" style=\"width:300px;\" class=\"image_shadow\"><\/span><\/div><p style=\"text-align: justify\">I t\u0105 si\u0119 chyba nawet uda\u0142o bo wprowadzono tymczasowy rozk\u0142ad jazdy o czym zarz\u0105d Kolei Nadwi\u015bla\u0144skich informowa\u0142 30 marca 1898 r.<\/p>\n<div class=\"aligncenter\"><span class=\"shadow_frame\"><a rel=\"prettyPhoto\" href=\"https:\/\/www.lukow-historia.pl\/wp-content\/uploads\/2012\/08\/linia30_wycinek7.jpg\" title=\"\"><img class=\"framed\" src=\"https:\/\/www.lukow-historia.pl\/wp-content\/uploads\/2012\/08\/linia30_wycinek7.jpg\" title=\"\" alt=\"\" width=\"300\" height=\"253\" \/><\/a><img alt=\"\" src=\"https:\/\/www.lukow-historia.pl\/wp-content\/themes\/infocus\/images\/shortcodes\/image_shadow.png\" style=\"width:300px;\" class=\"image_shadow\"><\/span><\/div><p style=\"text-align: justify\">A &#8220;Kurjer Kolejowy&#8221; par\u0119 dni p\u00f3\u017aniej opublikowa\u0142.<\/p>\n<div class=\"aligncenter\"><span class=\"shadow_frame\"><a rel=\"prettyPhoto\" href=\"https:\/\/www.lukow-historia.pl\/wp-content\/uploads\/2012\/08\/linia30_wycinek8.jpg\" title=\"\"><img class=\"framed\" src=\"https:\/\/www.lukow-historia.pl\/wp-content\/uploads\/2012\/08\/linia30_wycinek8.jpg\" title=\"\" alt=\"\" width=\"300\" height=\"124\" \/><\/a><img alt=\"\" src=\"https:\/\/www.lukow-historia.pl\/wp-content\/themes\/infocus\/images\/shortcodes\/image_shadow.png\" style=\"width:300px;\" class=\"image_shadow\"><\/span><\/div><p style=\"text-align: justify\">Linia uzyska\u0142a sta\u0142y rozk\u0142ad jazdy (lato 1898 r).<\/p>\n<div class=\"aligncenter\"><span class=\"shadow_frame\"><a rel=\"prettyPhoto\" href=\"https:\/\/www.lukow-historia.pl\/wp-content\/uploads\/2012\/08\/linia30_wycinek9.jpg\" title=\"\"><img class=\"framed\" src=\"https:\/\/www.lukow-historia.pl\/wp-content\/uploads\/2012\/08\/linia30_wycinek9.jpg\" title=\"\" alt=\"\" width=\"300\" height=\"282\" \/><\/a><img alt=\"\" src=\"https:\/\/www.lukow-historia.pl\/wp-content\/themes\/infocus\/images\/shortcodes\/image_shadow.png\" style=\"width:300px;\" class=\"image_shadow\"><\/span><\/div><p style=\"text-align: justify\">Linia w tym czasie by\u0142a jednotorowa co wida\u0107 na wielu zdj\u0119ciach z tego okresu.<\/p>\n<div class=\"aligncenter\"><span class=\"shadow_frame\"><a rel=\"prettyPhoto\" href=\"https:\/\/www.lukow-historia.pl\/wp-content\/uploads\/2013\/02\/wiadukt1.jpg\" title=\"\"><img class=\"framed\" src=\"https:\/\/www.lukow-historia.pl\/wp-content\/uploads\/2013\/02\/wiadukt1.jpg\" title=\"\" alt=\"\" width=\"500\" height=\"353\" \/><\/a><img alt=\"\" src=\"https:\/\/www.lukow-historia.pl\/wp-content\/themes\/infocus\/images\/shortcodes\/image_shadow.png\" style=\"width:500px;\" class=\"image_shadow\"><\/span><\/div><p><center><em>Wiadukt kolejowy tu\u017c przed Lublinem<\/em><\/center><\/p>\n<div class=\"aligncenter\"><span class=\"shadow_frame\"><a rel=\"prettyPhoto\" href=\"https:\/\/www.lukow-historia.pl\/wp-content\/uploads\/2013\/02\/wiadukt2.jpg\" title=\"\"><img class=\"framed\" src=\"https:\/\/www.lukow-historia.pl\/wp-content\/uploads\/2013\/02\/wiadukt2.jpg\" title=\"\" alt=\"\" width=\"500\" height=\"354\" \/><\/a><img alt=\"\" src=\"https:\/\/www.lukow-historia.pl\/wp-content\/themes\/infocus\/images\/shortcodes\/image_shadow.png\" style=\"width:500px;\" class=\"image_shadow\"><\/span><\/div><p><center><em>Most na Bystrzycy z okresu ko\u0144ca budowy linii lub pocz\u0105tk\u00f3w jej funkcjonowania. Przybli\u017cona data wykonania fotografii to luty\/marzec 1898 r. Jak wida\u0107 linia jest jeszcze jednotorowa i trwaj\u0105 prace na drugim torem. Prace te na ca\u0142ej linii zako\u0144cz\u0105 si\u0119 oko\u0142o 10 lat p\u00f3\u017aniej. W tle pod mostem o ile dobrze si\u0119 orientuje zabudowania \u00f3wczesnej wsi Hajd\u00f3w. Na czele poci\u0105gu rosyjski parow\u00f3z typu Ow.<\/em><\/center><\/p>\n<p style=\"text-align: justify\">Jeszcze nie uko\u0144czono budowa\u0107 linii (drugi tor, sta\u0142e mosty na Wieprzu i Ty\u015bmienicy) a ju\u017c jacy\u015b przedsi\u0119biorczy jegomo\u015bcie kombinowali jak tu co\u015b jeszcze dobudowa\u0107.<\/p>\n<div class=\"aligncenter\"><span class=\"shadow_frame\"><a rel=\"prettyPhoto\" href=\"https:\/\/www.lukow-historia.pl\/wp-content\/uploads\/2013\/02\/linia30_wycinek10.jpg\" title=\"\"><img class=\"framed\" src=\"https:\/\/www.lukow-historia.pl\/wp-content\/uploads\/2013\/02\/linia30_wycinek10.jpg\" title=\"\" alt=\"\" width=\"300\" height=\"141\" \/><\/a><img alt=\"\" src=\"https:\/\/www.lukow-historia.pl\/wp-content\/themes\/infocus\/images\/shortcodes\/image_shadow.png\" style=\"width:300px;\" class=\"image_shadow\"><\/span><\/div><p style=\"text-align: justify\">Tymczasem lini\u0119 \u0142ukowsk\u0105 pod\u0142\u0105czano do sieci kolejowej cesarstwa.<\/p>\n<div class=\"aligncenter\"><span class=\"shadow_frame\"><a rel=\"prettyPhoto\" href=\"https:\/\/www.lukow-historia.pl\/wp-content\/uploads\/2013\/02\/linia30_wycinek11.jpg\" title=\"\"><img class=\"framed\" src=\"https:\/\/www.lukow-historia.pl\/wp-content\/uploads\/2013\/02\/linia30_wycinek11.jpg\" title=\"\" alt=\"\" width=\"300\" height=\"85\" \/><\/a><img alt=\"\" src=\"https:\/\/www.lukow-historia.pl\/wp-content\/themes\/infocus\/images\/shortcodes\/image_shadow.png\" style=\"width:300px;\" class=\"image_shadow\"><\/span><\/div><p style=\"text-align: justify\">Borykaj\u0105c si\u0119 czasami z takimi banalnymi problemami jak brak bilet\u00f3w.<\/p>\n<div class=\"aligncenter\"><span class=\"shadow_frame\"><a rel=\"prettyPhoto\" href=\"https:\/\/www.lukow-historia.pl\/wp-content\/uploads\/2013\/02\/linia30_wycinek12.jpg\" title=\"\"><img class=\"framed\" src=\"https:\/\/www.lukow-historia.pl\/wp-content\/uploads\/2013\/02\/linia30_wycinek12.jpg\" title=\"\" alt=\"\" width=\"300\" height=\"355\" \/><\/a><img alt=\"\" src=\"https:\/\/www.lukow-historia.pl\/wp-content\/themes\/infocus\/images\/shortcodes\/image_shadow.png\" style=\"width:300px;\" class=\"image_shadow\"><\/span><\/div><p style=\"text-align: justify\">W ko\u0144cu w pa\u017adzierniku 1898 r. uda\u0142o si\u0119 wszystko do kupy skomponowa\u0107 i linia sta\u0142a si\u0119 cz\u0119\u015bci\u0105 pa\u0144stwowych kolei w Rosji.<\/p>\n<div class=\"aligncenter\"><span class=\"shadow_frame\"><a rel=\"prettyPhoto\" href=\"https:\/\/www.lukow-historia.pl\/wp-content\/uploads\/2013\/02\/linia30_wycinek13.jpg\" title=\"\"><img class=\"framed\" src=\"https:\/\/www.lukow-historia.pl\/wp-content\/uploads\/2013\/02\/linia30_wycinek13.jpg\" title=\"\" alt=\"\" width=\"300\" height=\"211\" \/><\/a><img alt=\"\" src=\"https:\/\/www.lukow-historia.pl\/wp-content\/themes\/infocus\/images\/shortcodes\/image_shadow.png\" style=\"width:300px;\" class=\"image_shadow\"><\/span><\/div><p style=\"text-align: justify\">Linia by\u0142a obs\u0142ugiwana przez parowozy z Iwanogorodu (D\u0119blin).<\/p>\n<div class=\"aligncenter\"><span class=\"shadow_frame\"><a rel=\"prettyPhoto\" href=\"https:\/\/www.lukow-historia.pl\/wp-content\/uploads\/2013\/02\/linia30_mapa1.jpg\" title=\"\"><img class=\"framed\" src=\"https:\/\/www.lukow-historia.pl\/wp-content\/uploads\/2013\/02\/linia30_mapa1.jpg\" title=\"\" alt=\"\" width=\"300\" height=\"229\" \/><\/a><img alt=\"\" src=\"https:\/\/www.lukow-historia.pl\/wp-content\/themes\/infocus\/images\/shortcodes\/image_shadow.png\" style=\"width:300px;\" class=\"image_shadow\"><\/span><\/div><p style=\"text-align: justify\">Do\u0142o\u017cenie drugiego toru i budowa wspomnianych wcze\u015bniej przepraw mostowych trwa\u0142a jeszcze jaki\u015b czas (dok\u0142adnych dat nie znam) i w 1912 r. linia \u0141uk\u00f3w &#8211; Lublin sta\u0142a si\u0119 dwutorowa na ca\u0142ej d\u0142ugo\u015bci.<\/p>\n<div class=\"aligncenter\"><span class=\"shadow_frame\"><a rel=\"prettyPhoto\" href=\"https:\/\/www.lukow-historia.pl\/wp-content\/uploads\/2013\/02\/linia30_mapa2.jpg\" title=\"\"><img class=\"framed\" src=\"https:\/\/www.lukow-historia.pl\/wp-content\/uploads\/2013\/02\/linia30_mapa2.jpg\" title=\"\" alt=\"\" width=\"300\" height=\"274\" \/><\/a><img alt=\"\" src=\"https:\/\/www.lukow-historia.pl\/wp-content\/themes\/infocus\/images\/shortcodes\/image_shadow.png\" style=\"width:300px;\" class=\"image_shadow\"><\/span><\/div><div class=\"aligncenter\"><span class=\"shadow_frame\"><a rel=\"prettyPhoto\" href=\"https:\/\/www.lukow-historia.pl\/wp-content\/uploads\/2013\/02\/most3.jpg\" title=\"\"><img class=\"framed\" src=\"https:\/\/www.lukow-historia.pl\/wp-content\/uploads\/2013\/02\/most3.jpg\" title=\"\" alt=\"\" width=\"500\" height=\"325\" \/><\/a><img alt=\"\" src=\"https:\/\/www.lukow-historia.pl\/wp-content\/themes\/infocus\/images\/shortcodes\/image_shadow.png\" style=\"width:500px;\" class=\"image_shadow\"><\/span><\/div><p><center><em>&#8220;Br\u00fccke bei SIEDLANOW Radzyn Polen&#8221;. Fotografia uwiecznia most w Siedlanowie ko\u0142o Radzynia Podlaskiego.<\/em><\/center><\/p>\n<p><em>Autor: ksiezyc_nad_gieesem<\/em><br \/>\n<em>\u0179r\u00f3d\u0142o: Forum \u015awiat Kolejek W\u0105skotorowych<\/em><\/p>\n<hr>\n<p>Fotografie z kolekcji prywatnej <a href=\"https:\/\/www.facebook.com\/Afmks\" target=\"blank\" class=\"broken_link\">afmks<\/a><\/p>\n<div class=\"ngg-galleryoverview\" id=\"ngg-gallery-17-21\">\n<hr>\n<h3>Linia nr 30 z kolekcji afmks<\/h3>\n<p>\t<!-- Thumbnails --><\/p>\n<div id=\"ngg-image-153\" class=\"ngg-gallery-thumbnail-box\"  >\n<div class=\"ngg-gallery-thumbnail\" >\n\t\t\t<a href=\"https:\/\/www.lukow-historia.pl\/wp-content\/gallery\/afmks\/lh-afmks-01.jpg\" title=\" \" rel=\"lightbox[set_17]\" ><br \/>\n\t\t\t\t\t\t\t\t<img title=\"Parczew 1917 r.\" alt=\"Parczew 1917 r.\" src=\"https:\/\/www.lukow-historia.pl\/wp-content\/gallery\/afmks\/thumbs\/thumbs_lh-afmks-01.jpg\" width=\"100\" height=\"75\" \/><br \/>\n\t\t\t\t\t\t\t<\/a>\n\t\t<\/div>\n<\/p><\/div>\n<div id=\"ngg-image-154\" class=\"ngg-gallery-thumbnail-box\"  >\n<div class=\"ngg-gallery-thumbnail\" >\n\t\t\t<a href=\"https:\/\/www.lukow-historia.pl\/wp-content\/gallery\/afmks\/lh-afmks-02.jpg\" title=\" \" rel=\"lightbox[set_17]\" ><br \/>\n\t\t\t\t\t\t\t\t<img title=\"Szczekark\u00f3w 1915 r.\" alt=\"Szczekark\u00f3w 1915 r.\" src=\"https:\/\/www.lukow-historia.pl\/wp-content\/gallery\/afmks\/thumbs\/thumbs_lh-afmks-02.jpg\" width=\"100\" height=\"75\" \/><br \/>\n\t\t\t\t\t\t\t<\/a>\n\t\t<\/div>\n<\/p><\/div>\n<div id=\"ngg-image-155\" class=\"ngg-gallery-thumbnail-box\"  >\n<div class=\"ngg-gallery-thumbnail\" >\n\t\t\t<a href=\"https:\/\/www.lukow-historia.pl\/wp-content\/gallery\/afmks\/lh-afmks-03.jpg\" title=\" \" rel=\"lightbox[set_17]\" ><br \/>\n\t\t\t\t\t\t\t\t<img title=\"Radzy\u0144 Podlaski 1916 r.\" alt=\"Radzy\u0144 Podlaski 1916 r.\" src=\"https:\/\/www.lukow-historia.pl\/wp-content\/gallery\/afmks\/thumbs\/thumbs_lh-afmks-03.jpg\" width=\"100\" height=\"75\" \/><br \/>\n\t\t\t\t\t\t\t<\/a>\n\t\t<\/div>\n<\/p><\/div>\n<div id=\"ngg-image-156\" class=\"ngg-gallery-thumbnail-box\"  >\n<div class=\"ngg-gallery-thumbnail\" >\n\t\t\t<a href=\"https:\/\/www.lukow-historia.pl\/wp-content\/gallery\/afmks\/lh-afmks-04.jpg\" title=\" \" rel=\"lightbox[set_17]\" ><br \/>\n\t\t\t\t\t\t\t\t<img title=\"Parczew 1943 r.\" alt=\"Parczew 1943 r.\" src=\"https:\/\/www.lukow-historia.pl\/wp-content\/gallery\/afmks\/thumbs\/thumbs_lh-afmks-04.jpg\" width=\"100\" height=\"75\" \/><br \/>\n\t\t\t\t\t\t\t<\/a>\n\t\t<\/div>\n<\/p><\/div>\n<div id=\"ngg-image-157\" class=\"ngg-gallery-thumbnail-box\"  >\n<div class=\"ngg-gallery-thumbnail\" >\n\t\t\t<a href=\"https:\/\/www.lukow-historia.pl\/wp-content\/gallery\/afmks\/lh-afmks-05.jpg\" title=\" \" rel=\"lightbox[set_17]\" ><br \/>\n\t\t\t\t\t\t\t\t<img title=\"Parczew\" alt=\"Parczew\" src=\"https:\/\/www.lukow-historia.pl\/wp-content\/gallery\/afmks\/thumbs\/thumbs_lh-afmks-05.jpg\" width=\"100\" height=\"75\" \/><br \/>\n\t\t\t\t\t\t\t<\/a>\n\t\t<\/div>\n<\/p><\/div>\n<div id=\"ngg-image-158\" class=\"ngg-gallery-thumbnail-box\"  >\n<div class=\"ngg-gallery-thumbnail\" >\n\t\t\t<a href=\"https:\/\/www.lukow-historia.pl\/wp-content\/gallery\/afmks\/lh-afmks-06.jpg\" title=\" \" rel=\"lightbox[set_17]\" ><br \/>\n\t\t\t\t\t\t\t\t<img title=\"Lublin 1939 - 1944\" alt=\"Lublin 1939 - 1944\" src=\"https:\/\/www.lukow-historia.pl\/wp-content\/gallery\/afmks\/thumbs\/thumbs_lh-afmks-06.jpg\" width=\"100\" height=\"75\" \/><br \/>\n\t\t\t\t\t\t\t<\/a>\n\t\t<\/div>\n<\/p><\/div>\n<div id=\"ngg-image-159\" class=\"ngg-gallery-thumbnail-box\"  >\n<div class=\"ngg-gallery-thumbnail\" >\n\t\t\t<a href=\"https:\/\/www.lukow-historia.pl\/wp-content\/gallery\/afmks\/lh-afmks-07.jpg\" title=\" \" rel=\"lightbox[set_17]\" ><br \/>\n\t\t\t\t\t\t\t\t<img title=\"Lublin 1939 - 1944\" alt=\"Lublin 1939 - 1944\" src=\"https:\/\/www.lukow-historia.pl\/wp-content\/gallery\/afmks\/thumbs\/thumbs_lh-afmks-07.jpg\" width=\"100\" height=\"75\" \/><br \/>\n\t\t\t\t\t\t\t<\/a>\n\t\t<\/div>\n<\/p><\/div>\n<p>\t<!-- Pagination --><\/p>\n<div class='ngg-clear'><\/div>\n<\/div>\n<p><a href=\"\/?page_id=220\">Powr\u00f3t dp albumu<\/a><\/p>\n","protected":false},"excerpt":{"rendered":"<p>Linia nr 30 \u0141uk\u00f3w-Lublin powsta\u0142a w ramach strategicznej koncepcji rosyjskiej zak\u0142adaj\u0105cej przyj\u0119cie ataku ze strony Niemiec i Austrii na linii Narwi i Wis\u0142y oraz pozostawienia 80-100 kilometrowego pasa bez kolejowego od Che\u0142ma do R\u00f3wnego (mniej wi\u0119cej). Koncepcja ta zak\u0142ada\u0142a wybudowanie szeregu linii kolejowych s\u0142u\u017c\u0105cych dowozowi zaopatrzenia na fronty przysz\u0142ej wojny. Jedn\u0105 z takich linii jest w\u0142a\u015bnie linia \u0141uk\u00f3w-Lublin. Jak w &#8230;<\/p>\n","protected":false},"author":1,"featured_media":30,"comment_status":"open","ping_status":"open","sticky":false,"template":"","format":"standard","meta":[],"categories":[11,30],"tags":[85,84,83,90,86,87,89,88,12,191,1529,1522,82,1530],"_links":{"self":[{"href":"https:\/\/www.lukow-historia.pl\/index.php?rest_route=\/wp\/v2\/posts\/21"}],"collection":[{"href":"https:\/\/www.lukow-historia.pl\/index.php?rest_route=\/wp\/v2\/posts"}],"about":[{"href":"https:\/\/www.lukow-historia.pl\/index.php?rest_route=\/wp\/v2\/types\/post"}],"author":[{"embeddable":true,"href":"https:\/\/www.lukow-historia.pl\/index.php?rest_route=\/wp\/v2\/users\/1"}],"replies":[{"embeddable":true,"href":"https:\/\/www.lukow-historia.pl\/index.php?rest_route=%2Fwp%2Fv2%2Fcomments&post=21"}],"version-history":[{"count":64,"href":"https:\/\/www.lukow-historia.pl\/index.php?rest_route=\/wp\/v2\/posts\/21\/revisions"}],"predecessor-version":[{"id":1349,"href":"https:\/\/www.lukow-historia.pl\/index.php?rest_route=\/wp\/v2\/posts\/21\/revisions\/1349"}],"wp:featuredmedia":[{"embeddable":true,"href":"https:\/\/www.lukow-historia.pl\/index.php?rest_route=\/wp\/v2\/media\/30"}],"wp:attachment":[{"href":"https:\/\/www.lukow-historia.pl\/index.php?rest_route=%2Fwp%2Fv2%2Fmedia&parent=21"}],"wp:term":[{"taxonomy":"category","embeddable":true,"href":"https:\/\/www.lukow-historia.pl\/index.php?rest_route=%2Fwp%2Fv2%2Fcategories&post=21"},{"taxonomy":"post_tag","embeddable":true,"href":"https:\/\/www.lukow-historia.pl\/index.php?rest_route=%2Fwp%2Fv2%2Ftags&post=21"}],"curies":[{"name":"wp","href":"https:\/\/api.w.org\/{rel}","templated":true}]}}