{"id":2341,"date":"2014-01-15T21:25:52","date_gmt":"2014-01-15T19:25:52","guid":{"rendered":"http:\/\/www.lukow-historia.pl\/?p=2341"},"modified":"2014-02-13T14:46:47","modified_gmt":"2014-02-13T12:46:47","slug":"10-przykazan","status":"publish","type":"post","link":"https:\/\/www.lukow-historia.pl\/?p=2341","title":{"rendered":"10 przykaza\u0144"},"content":{"rendered":"<p style=\"text-align: justify\">Dnia 24 marca 1946 roku na tablicy obwieszcze\u0144, przed budynkiem szko\u0142y w Serokomli pojawi\u0142a si\u0119 pisana na maszynie ulotka. Natychmiast zosta\u0142a zerwana przez szeregowego Budziszewskiego J\u00f3zefa z tamtejszego posterunku M.O..<\/p>\n<p style=\"text-align: justify\">Ulotka zosta\u0142a przekazana 26 marca 1946 roku, do Wydzia\u0142u \u015aledczego Komendy Powiatowej M.O. w \u0141ukowie (nr K.D. 39\/46), a nast\u0119pnie bezzw\u0142ocznie wys\u0142ana poprzez wydzia\u0142 &#8220;P&#8221; W.U.B.P. w Lublinie (zgodno\u015b\u0107 odpisu potwierdzi\u0142a Sekretarka ww. wydzia\u0142u Wajzenhofer Maria) do Centrali S\u0142u\u017cby \u015bledczej Komendy G\u0142\u00f3wnej M.O. w Warszawie.<\/p>\n<h3>Co tak istotnego zawiera\u0142a ulotka?<\/h3>\n<p style=\"text-align: justify\">Poni\u017cej przytaczamy dok\u0142adny tekst.<\/p>\n<div class=\"fancy_box\">\n<div class=\"fancy_box_content\">\n<p style=\"text-align: center\">Dziesi\u0119\u0107 przykaza\u0144, kt\u00f3re ka\u017cdy dobry<br \/>Polak zna\u0107 i gorliwie wykonywa\u0107 powinien<br \/>&#8212;&#8212;&#8212;&#8212;&#8212;&#8212;&#8212;&#8212;&#8212;&#8212;&#8212;&#8212;&#8212;&#8212;&#8212;&#8212;&#8212;&#8212;&#8212;&#8212;&#8212;&#8211;<\/p>\n<p style=\"text-align: center\">Jam jest g\u0142os sumienia, zabijanego niewinnie pr\u0105dami wschodu &#8211; <br \/>NARODU POLSKIEGO<\/p>\n<p style=\"text-align: justify\">1\/   Nie b\u0119dziesz mia\u0142 obecnego Rz\u0105du jedno\u015bci narodowej za prawowity Rz\u0105d Polski, gdy\u017c utworzony on zosta\u0142 w Moskwie bez woli Narodu.<\/p>\n<p style=\"text-align: justify\">2\/   Nie b\u0119dziesz bra\u0142 do serca hase\u0142 i zarz\u0105dze\u0144 obecnej komunistycznej demokracji, bo to wszystko daremne.<\/p>\n<p style=\"text-align: justify\">3\/   Pami\u0119taj aby\u015b dzie\u0144 w kt\u00f3rym armia czerwona, N.K.W.N. i U.B. opu\u015bci Polsk\u0119, szanowa\u0142 i wspomina\u0142 jako dzie\u0144 \u015bwi\u0119ty.<\/p>\n<p style=\"text-align: justify\">4\/   Czcij jako ojca swego i matk\u0119 swoj\u0105 bohater\u00f3w, kt\u00f3rzy nie zaprzestaj\u0105 dotychczas walki na wszystkich frontach o prawdziw\u0105 wolno\u015b\u0107, niepodleg\u0142o\u015b\u0107 i suwerenno\u015b\u0107 naszej Ojczyzny.<\/p>\n<p style=\"text-align: justify\">5\/   Nie zabijaj, bo i tak niemcy i sowieci nazabijali miliony niewinnych Polak\u00f3w.<\/p>\n<p style=\"text-align: justify\">6\/   Nie cudzo\u0142\u00f3\u017c z sowietami, i ubowcami i innymi peperowcami, bo ci\u0119, &#8220;nocne duchy&#8221; naznacz\u0105 wiecznym znakiem ha\u0144by na twej g\u0142owie.<\/p>\n<p style=\"text-align: justify\">7\/   Nie kradnij, bo przed &#8220;nocnymi to si\u0119 nie ukryje i zostaniesz surowo ukarany.<\/p>\n<p style=\"text-align: justify\">8\/   Nie m\u00f3w fa\u0142szywego \u015bwiadectwa, je\u015bli jeste\u015b &#8220;obecnym demokrat\u0105&#8221; przeciw bli\u017aniemu twemu z pod znaku A.K. bo dopiero historia we w\u0142asnym swym biegu wska\u017ce, kto ma wi\u0119ksze zas\u0142ugi dla Ojczyzny.<\/p>\n<p style=\"text-align: justify\">9\/   Nie po\u017c\u0105daj dla siebie opieki i ochrony garnizon\u00f3w sowieckich i zbrodniczych element\u00f3w z U.B.<\/p>\n<p style=\"text-align: justify\">10\/   Nie po\u017c\u0105daj \u017cadnej rzeczy, kt\u00f3ra komunist\u00f3w jest: jak za \u017cycia kolektywnego politruk\u00f3w, \u015blub\u00f3w cywilnych, zniesienia w\u0142asno\u015bci, upa\u0144stwowienia przedsi\u0119biorstw i t.p.<\/p>\n<p><\/p>\n<p style=\"text-align: justify\">B\u0119dziesz mia\u0142 prawdziwych przyw\u00f3dc\u00f3w Narodu Polskiego bez wzgl\u0119du na to, gdzie by oni si\u0119 znajdowali, ze wszystkiego serca swego, ze wszystkiej duszy swej i ze wszystkich si\u0142 swoich, a bli\u017aniego swego dobrego i prawdziwego Polaka, b\u0119dziesz mi\u0142owa\u0142 jak siebie samego.<\/p>\n<p style=\"text-align: center\">&#8212;&#8212;&#8212;&#8212;&#8212;&#8212;&#8212;&#8212;&#8212;&#8212;&#8212;&#8212;&#8212;&#8212;&#8212;&#8212;&#8212;&#8212;&#8212;&#8212;&#8212;&#8211;<\/p>\n<\/div>\n<\/div>\n<p style=\"text-align: justify\"><em>Pod tekstem kto\u015b r\u0119cznie dopisa\u0142 o\u0142\u00f3wkiem.<\/em><\/p>\n<p style=\"text-align: center\"><img decoding=\"async\" src=\"https:\/\/www.lukow-historia.pl\/wp-content\/uploads\/2014\/02\/kula.jpg\"<\/p>\n<p style=\"text-align: center\"><em>&#8221; Kto zerwie kula w \u0142ep &#8220;<\/em><\/p>\n<hr>\n<p style=\"text-align: justify\">Jak mo\u017cna si\u0119 domy\u015bla\u0107, takich ulotek w rejonie dzia\u0142ania oddzia\u0142\u00f3w A.K. znaleziono w tym okresie wiele.<\/p>\n<p><em>Autor: \u0141uk\u00f3w Historia<br \/>\n\u0179r\u00f3d\u0142o: Na podstawie zbior\u00f3w Archiwum Pa\u0144stwowego w Lublinie.<\/em><\/p>\n","protected":false},"excerpt":{"rendered":"<p>Dnia 24 marca 1946 roku na tablicy obwieszcze\u0144, przed budynkiem szko\u0142y w Serokomli pojawi\u0142a si\u0119 pisana na maszynie ulotka. Natychmiast zosta\u0142a zerwana przez szeregowego Budziszewskiego J\u00f3zefa z tamtejszego posterunku M.O.. Ulotka zosta\u0142a przekazana 26 marca 1946 roku, do Wydzia\u0142u \u015aledczego Komendy Powiatowej M.O. w \u0141ukowie (nr K.D. 39\/46), a nast\u0119pnie bezzw\u0142ocznie wys\u0142ana poprzez wydzia\u0142 &#8220;P&#8221; W.U.B.P. w Lublinie (zgodno\u015b\u0107 odpisu &#8230;<\/p>\n","protected":false},"author":1,"featured_media":2397,"comment_status":"open","ping_status":"open","sticky":false,"template":"","format":"standard","meta":[],"categories":[30],"tags":[385,762,351,764,763,759,761,54,758,760],"_links":{"self":[{"href":"https:\/\/www.lukow-historia.pl\/index.php?rest_route=\/wp\/v2\/posts\/2341"}],"collection":[{"href":"https:\/\/www.lukow-historia.pl\/index.php?rest_route=\/wp\/v2\/posts"}],"about":[{"href":"https:\/\/www.lukow-historia.pl\/index.php?rest_route=\/wp\/v2\/types\/post"}],"author":[{"embeddable":true,"href":"https:\/\/www.lukow-historia.pl\/index.php?rest_route=\/wp\/v2\/users\/1"}],"replies":[{"embeddable":true,"href":"https:\/\/www.lukow-historia.pl\/index.php?rest_route=%2Fwp%2Fv2%2Fcomments&post=2341"}],"version-history":[{"count":45,"href":"https:\/\/www.lukow-historia.pl\/index.php?rest_route=\/wp\/v2\/posts\/2341\/revisions"}],"predecessor-version":[{"id":3340,"href":"https:\/\/www.lukow-historia.pl\/index.php?rest_route=\/wp\/v2\/posts\/2341\/revisions\/3340"}],"wp:featuredmedia":[{"embeddable":true,"href":"https:\/\/www.lukow-historia.pl\/index.php?rest_route=\/wp\/v2\/media\/2397"}],"wp:attachment":[{"href":"https:\/\/www.lukow-historia.pl\/index.php?rest_route=%2Fwp%2Fv2%2Fmedia&parent=2341"}],"wp:term":[{"taxonomy":"category","embeddable":true,"href":"https:\/\/www.lukow-historia.pl\/index.php?rest_route=%2Fwp%2Fv2%2Fcategories&post=2341"},{"taxonomy":"post_tag","embeddable":true,"href":"https:\/\/www.lukow-historia.pl\/index.php?rest_route=%2Fwp%2Fv2%2Ftags&post=2341"}],"curies":[{"name":"wp","href":"https:\/\/api.w.org\/{rel}","templated":true}]}}