{"id":2467,"date":"2014-03-19T19:59:49","date_gmt":"2014-03-19T17:59:49","guid":{"rendered":"http:\/\/www.lukow-historia.pl\/?p=2467"},"modified":"2014-05-16T20:10:20","modified_gmt":"2014-05-16T18:10:20","slug":"lukow-ku-czci-marszalka","status":"publish","type":"post","link":"https:\/\/www.lukow-historia.pl\/?p=2467","title":{"rendered":"\u0141uk\u00f3w ku czci Marsza\u0142ka"},"content":{"rendered":"<p style=\"text-align: justify\">\u017bmudna praca w grodzie Podlasia po\u0142o\u017conego nad rzek\u0105 Krzn\u0105 posuwa si\u0119 naprz\u00f3d. Od czasu do czasu co\u015b si\u0119 zrobi. Obok ca\u0142ego szeregu organizacyj o charakterze spo\u0142eczno-o\u015bwiatowem sami obywatele odruchowo co\u015b wsp\u00f3lnie tworz\u0105, maj\u0105 pewien cel &#8230; pewnego bod\u017aca &#8230;<\/p>\n<p style=\"text-align: justify\">To wsp\u00f3lne ognisko d\u0105\u017ce\u0144, ten cel otacza ukochan\u0105 osob\u0119 Komendanta i \u0142\u0105czy j\u0105 z wymarzon\u0105 i wywalczon\u0105 przez Niego Polsk\u0105 i dla Niej, dla Jej chwa\u0142y, pot\u0119gi, ku szczytowi polskiego szcz\u0119\u015bcia prac\u0119 sw\u0105 prowadzi.<\/p>\n<p style=\"text-align: justify\">W roku 1926 wzniesiono gmach 7-mio kl. szko\u0142y powszechnej im. J\u00f3zefa Pi\u0142sudskiago, w tym\u017ce gmachu, staraniem Zw. Strzeleckiego obw. \u0141uk\u00f3w, ufundowano tablic\u0119 pami\u0105tkow\u0105 z portretem i autografem Marsza\u0142ka.<\/p>\n<p><span class=\"pullquote aligncenter\">&#8220;Nauczyciel i dzieci stanowi\u0105 szko\u0142\u0119. Dzieci bez nauczycieli, nauczyciele bez dzieci nie tworz\u0105 szko\u0142y. Razem musz\u0105 pracowa\u0107, razem biedowa\u0107 i razem \u015bmia\u0107 si\u0119 weso\u0142o&#8221;.<\/span><\/p>\n<div class=\"aligncenter\"><span class=\"shadow_frame\"><a rel=\"prettyPhoto\" href=\"https:\/\/www.lukow-historia.pl\/wp-content\/uploads\/2014\/05\/lukow-tablica.jpg\" title=\"\"><img class=\"framed\" src=\"https:\/\/www.lukow-historia.pl\/wp-content\/uploads\/2014\/05\/lukow-tablica.jpg\" title=\"\" alt=\"\" width=\"300\" height=\"406\" \/><\/a><img alt=\"\" src=\"https:\/\/www.lukow-historia.pl\/wp-content\/themes\/infocus\/images\/shortcodes\/image_shadow.png\" style=\"width:300px;\" class=\"image_shadow\"><\/span><\/div><p style=\"text-align: center\"><em>Tablica pami\u0105tkowa z autografem Marsza\u0142ka J\u00f3zefa Pi\u0142sudskiego, wmurowana w dniu 19 marca 1927 r. wewn\u0105trz gmachu szkolnego. <\/em><\/p>\n<p style=\"text-align: justify\">W roku 1928 w rocznic\u0119 10-lecia niepodleg\u0142o\u015bci, si\u0142ami miejscowego spo\u0142ecze\u0144stwa postanowiono zasypa\u0107 sadzawk\u0119, kt\u00f3ra by\u0142a rozsadnikiem wszelkich chor\u00f3b, plac ten nazwa\u0107 placem Wolno\u015bci na kt\u00f3rym ma stan\u0105\u0107 przedszkole im. J\u00f3zefa Pi\u0142sudskiego. Wreszcie Rada Miejska zmieni\u0142a ulic\u0119 Siedleck\u0105 na ulic\u0119 Marsza\u0142ka J\u00f3zefa Pi\u0142sudskiego.<\/p>\n<div class=\"aligncenter\"><span class=\"shadow_frame\"><a rel=\"prettyPhoto\" href=\"https:\/\/www.lukow-historia.pl\/wp-content\/uploads\/2014\/05\/lukow-plac-wolnosci-01.jpg\" title=\"\"><img class=\"framed\" src=\"https:\/\/www.lukow-historia.pl\/wp-content\/uploads\/2014\/05\/lukow-plac-wolnosci-01.jpg\" title=\"\" alt=\"\" width=\"500\" height=\"313\" \/><\/a><img alt=\"\" src=\"https:\/\/www.lukow-historia.pl\/wp-content\/themes\/infocus\/images\/shortcodes\/image_shadow.png\" style=\"width:500px;\" class=\"image_shadow\"><\/span><\/div><p style=\"text-align: center\"><em>Uroczysto\u015b\u0107 zasypania sadzawki pod budow\u0119 &#8220;Placu Wolno\u015bci&#8221;. Widok w kierunku obecnej ulicy Doktora Dmocha. 1928 r.<\/em><\/p>\n<div class=\"aligncenter\"><span class=\"shadow_frame\"><a rel=\"prettyPhoto\" href=\"https:\/\/www.lukow-historia.pl\/wp-content\/uploads\/2014\/05\/lukow-plac-wolnosci-02.jpg\" title=\"\"><img class=\"framed\" src=\"https:\/\/www.lukow-historia.pl\/wp-content\/uploads\/2014\/05\/lukow-plac-wolnosci-02.jpg\" title=\"\" alt=\"\" width=\"500\" height=\"315\" \/><\/a><img alt=\"\" src=\"https:\/\/www.lukow-historia.pl\/wp-content\/themes\/infocus\/images\/shortcodes\/image_shadow.png\" style=\"width:500px;\" class=\"image_shadow\"><\/span><\/div><p style=\"text-align: center\"><em>Uroczysto\u015b\u0107 zasypania sadzawki pod budow\u0119 &#8220;Placu Wolno\u015bci&#8221;. Widok wzd\u0142u\u017c obecnej ulicy Staropijarskiej ku ulicy Ko\u015bcielnej. 1928 r.<\/em><\/p>\n<div class=\"aligncenter\"><span class=\"shadow_frame\"><a rel=\"prettyPhoto\" href=\"https:\/\/www.lukow-historia.pl\/wp-content\/uploads\/2014\/05\/lukow-plac-wolnosci-04.jpg\" title=\"\"><img class=\"framed\" src=\"https:\/\/www.lukow-historia.pl\/wp-content\/uploads\/2014\/05\/lukow-plac-wolnosci-04.jpg\" title=\"\" alt=\"\" width=\"500\" height=\"309\" \/><\/a><img alt=\"\" src=\"https:\/\/www.lukow-historia.pl\/wp-content\/themes\/infocus\/images\/shortcodes\/image_shadow.png\" style=\"width:500px;\" class=\"image_shadow\"><\/span><\/div><p style=\"text-align: center\"><em>Uroczysto\u015b\u0107 zasypania sadzawki pod budow\u0119 &#8220;Placu Wolno\u015bci&#8221;. Widok wzd\u0142u\u017c obecnej ulicy Stawki. 1928 r.<\/em><\/p>\n<p style=\"text-align: justify\">Nie tylko to&#8230;<\/p>\n<p style=\"text-align: justify\">Zasada Komendanta &#8220;uleczy\u0107 swoje choroby, poprawi\u0107 z\u0142\u0105 budowl\u0119, zdrowe rzeczy wznosi\u0107 mo\u017ce tylko spo\u0142ecze\u0144stwo&#8221; zatacza coraz to wi\u0119ksze kolisko. Mieszka\u0144cy \u0141ukowa staraj\u0105 si\u0119 granitowemi z\u0142omami wymurowa\u0107 drog\u0119 do przysz\u0142o\u015bci, zasiekami serc j\u0105 ubezpieczy\u0107, gdy\u017c o wielk\u0105 przysz\u0142o\u015b\u0107 idzie. &#8220;Wypisana zosta\u0142a trudem Marsza\u0142ka ewangielja Polski Nowej, wypisana nie w ksi\u0119gach, kt\u00f3re w archiwum zatlej\u0105, lecz na p\u0142ytach granitowych \u017cycia i boju polskiego, a p\u0142yty granitowe maj\u0105 moc trwania i si\u0142\u0119 przekonywania&#8221;.<\/p>\n<p style=\"text-align: justify\">Od roku 1914 w \u0141ukowie, po\u015brednio, by\u0142 rozkaz Komendanta&#8230;<\/p>\n<p style=\"text-align: justify\">Dzisiaj nikt nie lekcewa\u017cy dokonanego dzie\u0142a odrodzenia! Przeciwnie, pod wp\u0142ywem zdrowego intelektu, budzi si\u0119 w szerokich masach spo\u0142ecze\u0144stwa du\u017ce poczucie godno\u015bci narodowej, a rado\u015b\u0107 tworzenia przy\u015bwieca ka\u017cdej pracy dla dobra pa\u0144stwa.<\/p>\n<p style=\"text-align: justify\">Wreszcie nadmieni\u0107 wypada, \u017ce w 1928 r. powsta\u0142 w \u0141ukowie oddzia\u0142 Zw. Legjonist\u00f3w skupiaj\u0105cy w swej organizacji r\u00f3wnie\u017c i peowiak\u00f3w z ziemi \u0142ukowskiej. Praca w Zw. Leg. natrafia na pewne trudno\u015bci, ale jak niegdy\u015b legjoni\u015bci stanowili najwybitniejszy oddzia\u0142, jaki w wojnie \u015bwiatowej spotka\u0107 mo\u017cna by\u0142o, tak i Zw. Leg. w \u0141ukowie prac\u0119 swoj\u0105 prowadzi na zdrowych podstawach, bacz\u0105c na wy\u015bcig pracy, &#8220;bo na legjonist\u00f3w w Polsce \u015bmierci niema&#8221;.<\/p>\n<p style=\"text-align: justify\">W dniu 19 marca 1929 roku do okrzyk\u00f3w na cze\u015b\u0107 Wodza Polski, \u0142\u0105czy si\u0119 nasze \u015blubowanie bezwzgl\u0119dnej wierno\u015bci idei Komendanta, wznosz\u0105c pot\u0119\u017cny okrzyk:<\/p>\n<p><center><\/p>\n<h2>Marsza\u0142ek J\u00f3zef Pi\u0142sudski niech \u017cyje!<\/h2>\n<p><\/center><\/p>\n<p><em>Autor: Hieronim Wrzos<\/em><br \/>\n<em>\u0179r\u00f3d\u0142o: &#8220;Jednodni\u00f3wka z okazji Imienin Komendanta Legjon\u00f3w i Pierwszego Marsza\u0142ka Polski J\u00f3zefa Pi\u0142sudskiego&#8221; \u0141uk\u00f3w, 19 marca 1929 r.<\/em><\/p>\n","protected":false},"excerpt":{"rendered":"<p>\u017bmudna praca w grodzie Podlasia po\u0142o\u017conego nad rzek\u0105 Krzn\u0105 posuwa si\u0119 naprz\u00f3d. Od czasu do czasu co\u015b si\u0119 zrobi. Obok ca\u0142ego szeregu organizacyj o charakterze spo\u0142eczno-o\u015bwiatowem sami obywatele odruchowo co\u015b wsp\u00f3lnie tworz\u0105, maj\u0105 pewien cel &#8230; pewnego bod\u017aca &#8230; To wsp\u00f3lne ognisko d\u0105\u017ce\u0144, ten cel otacza ukochan\u0105 osob\u0119 Komendanta i \u0142\u0105czy j\u0105 z wymarzon\u0105 i wywalczon\u0105 przez Niego Polsk\u0105 i &#8230;<\/p>\n","protected":false},"author":1,"featured_media":2610,"comment_status":"open","ping_status":"open","sticky":false,"template":"","format":"standard","meta":[],"categories":[30],"tags":[132,159,183,78,1539,1538,326,262,793],"_links":{"self":[{"href":"https:\/\/www.lukow-historia.pl\/index.php?rest_route=\/wp\/v2\/posts\/2467"}],"collection":[{"href":"https:\/\/www.lukow-historia.pl\/index.php?rest_route=\/wp\/v2\/posts"}],"about":[{"href":"https:\/\/www.lukow-historia.pl\/index.php?rest_route=\/wp\/v2\/types\/post"}],"author":[{"embeddable":true,"href":"https:\/\/www.lukow-historia.pl\/index.php?rest_route=\/wp\/v2\/users\/1"}],"replies":[{"embeddable":true,"href":"https:\/\/www.lukow-historia.pl\/index.php?rest_route=%2Fwp%2Fv2%2Fcomments&post=2467"}],"version-history":[{"count":20,"href":"https:\/\/www.lukow-historia.pl\/index.php?rest_route=\/wp\/v2\/posts\/2467\/revisions"}],"predecessor-version":[{"id":2609,"href":"https:\/\/www.lukow-historia.pl\/index.php?rest_route=\/wp\/v2\/posts\/2467\/revisions\/2609"}],"wp:featuredmedia":[{"embeddable":true,"href":"https:\/\/www.lukow-historia.pl\/index.php?rest_route=\/wp\/v2\/media\/2610"}],"wp:attachment":[{"href":"https:\/\/www.lukow-historia.pl\/index.php?rest_route=%2Fwp%2Fv2%2Fmedia&parent=2467"}],"wp:term":[{"taxonomy":"category","embeddable":true,"href":"https:\/\/www.lukow-historia.pl\/index.php?rest_route=%2Fwp%2Fv2%2Fcategories&post=2467"},{"taxonomy":"post_tag","embeddable":true,"href":"https:\/\/www.lukow-historia.pl\/index.php?rest_route=%2Fwp%2Fv2%2Ftags&post=2467"}],"curies":[{"name":"wp","href":"https:\/\/api.w.org\/{rel}","templated":true}]}}