{"id":3341,"date":"2014-09-20T11:05:14","date_gmt":"2014-09-20T09:05:14","guid":{"rendered":"http:\/\/www.lukow-historia.pl\/?p=3341"},"modified":"2014-10-11T20:26:24","modified_gmt":"2014-10-11T18:26:24","slug":"harcerze-lukowscy-w-bojach-1920-r","status":"publish","type":"post","link":"https:\/\/www.lukow-historia.pl\/?p=3341","title":{"rendered":"Harcerze \u0141ukowscy w bojach 1920 r."},"content":{"rendered":"<div class=\"fancy_box\">\n<div class=\"fancy_box_content\">\n<h3>&#8221; Byli to ci harcerze, kt\u00f3rzy si\u0119gn\u0119li po zaszczytne miano \u017co\u0142nierzy niepodleg\u0142o\u015bci &#8220;<\/h3>\n<p style=\"text-align: right\"><em>J\u00d3ZEF PI\u0141SUDSKI<\/em><\/p>\n<\/div>\n<\/div>\n<p style=\"text-align: justify\">Nadszed\u0142 sierpie\u0144 1920 r. Zm\u0119czona trudem i walkami armia polska cofa si\u0119 spod Kijowa i z nad D\u017awiny, przed przewa\u017caj\u0105cemi si\u0142ami wroga. Wojsko Polskie znu\u017cone ustawiczn\u0105 walk\u0105, forsownymi marszami i brakiem rezerw nie mo\u017ce stawi\u0107 skutecznego oporu hordom bolszewickim. W obliczu gro\u017anego niebezpiecze\u0144stwa organizuje Rz\u0105d Obrony Narodowej ochotnicz\u0105 armi\u0119, kt\u00f3ra swym m\u0142odzie\u0144czym zapa\u0142em podnosi ducha w wojsku. Na apel Rz\u0105du Obrony Narodowej spieszy gremialnie do wojska m\u0142odzie\u017c szkolna, zasilaj\u0105c wybitnie szeregi armii ochotniczej.<\/p>\n<p style=\"text-align: justify\">Tymczasem murom \u0141ukowa zaczyna zagra\u017ca\u0107 niebezpiecze\u0144stwo najazdu bolszewickiego. M\u0142odzie\u017c szkolna tutejszego Gimnazjum M\u0119skiego im. T. Ko\u015bciuszki, na skutek odezwy gen. Hallera, zg\u0142asza si\u0119 w liczbie 76 w szeregi armii ochotniczej. Na og\u00f3ln\u0105 liczb\u0119 76 uczni\u00f3w by\u0142o 37 harcerzy I Dru\u017cyny Harc. im. Bartosza G\u0142owackiego. Wsp\u00f3lnie z m\u0142odzie\u017c\u0105 harcersk\u0105 wyrusza w pole \u015b.p. prof. Walczak Stefan, Komendant Hufca harcerskiego oraz dru\u017cynowy Stanis\u0142aw Brzozowski. Harcerze \u0142ukowscy s\u0142u\u017cyli w r\u00f3\u017cnych pu\u0142kach Wojska Polskiego lecz 205 p. p. mia\u0142 ten przywilej, \u017ce sk\u0142ada\u0142 si\u0119 wy\u0142\u0105cznie z harcerzy, st\u0105d nazwany zosta\u0142 harcerskim. W pu\u0142ku tym walczy\u0142o z \u0141ukowa 12 harcerzy, z tego 3-ch odnios\u0142o rany. Og\u00f3\u0142em z Chor\u0105gwi Polesko-Podlaskiej w walkach w r. 1920 23 harcerzy poleg\u0142o na polu chwa\u0142y, (w tym 7 z Siedlec i 8 z Soko\u0142owa).<\/p>\n<hr>\n<p style=\"text-align: justify\">Zaszczytny obowi\u0105zek ucznia &#8211; \u017co\u0142nierza spe\u0142nili w r. 1920 nast\u0119puj\u0105cy druhowie:<\/p>\n<table class=\"fancy_table\">\n<tbody>\n<tr>\n<td>\u015b. p. prof. Walczak Stefan<\/td>\n<td>205 p. p.<\/td>\n<td>Komendant Hufca\n<\/td>\n<\/tr>\n<tr>\n<td>Brzozowski Stanis\u0142aw<\/td>\n<td>205 p. p.<\/td>\n<td>ranny<\/td>\n<\/tr>\n<tr>\n<td>Grochowski Franciszek<\/td>\n<td>205 p. p.<\/td>\n<td>od 20.VII do 20.XI.1920 r.\n<\/td>\n<\/tr>\n<tr>\n<td>Ladachowski Stefan<\/td>\n<td> 205 p. p.<\/td>\n<td> ranny<\/td>\n<\/tr>\n<tr>\n<td>P\u0142odowski Franciszek<\/td>\n<td>205 p. p.<\/td>\n<td><\/td>\n<\/tr>\n<tr>\n<td>Wajszczuk Feliks<\/td>\n<td>205 p. p.<\/td>\n<td><\/td>\n<\/tr>\n<tr>\n<td>Wierzbicki Micha\u0142<\/td>\n<td>205 p. p.<\/td>\n<td><\/td>\n<\/tr>\n<tr>\n<td>Go\u0142awski Bronis\u0142aw<\/td>\n<td>205 p. p.<\/td>\n<td><\/td>\n<\/tr>\n<tr>\n<td>Celi\u0144ski Wac\u0142aw<\/td>\n<td>205 p. p.<\/td>\n<td><\/td>\n<\/tr>\n<tr>\n<td>Ochnio Micha\u0142<\/td>\n<td>205 p. p.<\/td>\n<td>ranny<\/td>\n<\/tr>\n<tr>\n<td>Doma\u0144ski Marian<\/td>\n<td>205 p. p.<\/td>\n<td><\/td>\n<\/tr>\n<tr>\n<td>Wo\u017aniakowski Rajmund<\/td>\n<td>Jazda mjr. Jaworskiego<\/td>\n<td>od 20.VII do 18.X.1920 r.<\/td>\n<\/tr>\n<tr>\n<td>\u015b.p. Tupikowski Antoni<\/td>\n<td>2 p. u\u0142an\u00f3w <\/td>\n<td>od 7.VI do 7.XI.1920 r.<\/td>\n<\/tr>\n<tr>\n<td>Szerard Leon<\/td>\n<td>10 p. u\u0142an\u00f3w<\/td>\n<td>od 18.VII do l.X.1920 r.<\/td>\n<\/tr>\n<tr>\n<td>\u015b. p. Roguski Wac\u0142aw<\/td>\n<td>45 p. p.<\/td>\n<td><\/td>\n<\/tr>\n<tr>\n<td>Ostrowski Julian<\/td>\n<td>45 p. p.<\/td>\n<td><\/td>\n<\/tr>\n<tr>\n<td>Nowik Kazimierz<\/td>\n<td>45 p. p.<\/td>\n<td><\/td>\n<\/tr>\n<tr>\n<td>Sawczuk Edward<\/td>\n<td>45 p. p.<\/td>\n<td><\/td>\n<\/tr>\n<tr>\n<td>Wierzchowski Stanis\u0142aw<\/td>\n<td>45 p. p.<\/td>\n<td><\/td>\n<\/tr>\n<tr>\n<td>Kurowski Feliks<\/td>\n<td>45 p. p.<\/td>\n<td><\/td>\n<\/tr>\n<tr>\n<td>\u0141ukasiewicz Feliks<\/td>\n<td>45 p. S. K.<\/td>\n<td>od 15.VII do 30.XI.1920 r.<\/td>\n<\/tr>\n<tr>\n<td>Sobiech Kazimierz<\/td>\n<td>37 p. S. K.<\/td>\n<td>od 15.VII do 15.XI.1920 r.<\/td>\n<\/tr>\n<tr>\n<td>Matacz Wac\u0142aw<\/td>\n<td>22 p. p.<\/td>\n<td><\/td>\n<\/tr>\n<tr>\n<td>Ch\u0105ci\u0144ski Marian<\/td>\n<td><\/td>\n<td>od 8.VIII do 20.XI.1920 r.<\/td>\n<\/tr>\n<tr>\n<td>\u0141opuski Jerzy<\/td>\n<td>22 p. p.<\/td>\n<td>od 14.VI do 12.VII.1920 r.<\/td>\n<\/tr>\n<tr>\n<td>Wajszczuk Wac\u0142aw<\/td>\n<td>5 p. p.<\/td>\n<td><\/td>\n<\/tr>\n<tr>\n<td>Grzechniak Boles\u0142aw<\/td>\n<td>5 p. p.<\/td>\n<td><\/td>\n<\/tr>\n<tr>\n<td>Dubieszko Mieczys\u0142aw<\/td>\n<td>5 p. p.<\/td>\n<td><\/td>\n<\/tr>\n<tr>\n<td>Powalski Aleksander<\/td>\n<td>5 p. p.<\/td>\n<td><\/td>\n<\/tr>\n<tr>\n<td>Piesko Aleksander<\/td>\n<td>201 p. p. i 6 p. p.<\/td>\n<td>od 4.VIII do 27.X.1920 r.<\/td>\n<\/tr>\n<tr>\n<td>B\u0105k Stefan<\/td>\n<td>Komp. Sztab. D. O. G. L.<\/td>\n<td>od 15.VII do 20.X.1920 r.\n<\/td>\n<\/tr>\n<tr>\n<td>Zaj\u0105c Eugeniusz<\/td>\n<td>35 p. p. P. K. U. <\/td>\n<td>od 4.VIII do 20.IX.1920 r.<\/td>\n<\/tr>\n<tr>\n<td>Ejme Mieczys\u0142aw<\/td>\n<td>21 p. p.<\/td>\n<td><\/td>\n<\/tr>\n<tr>\n<td>Pr\u00f3chniewicz Franciszek<\/td>\n<td>Pu\u0142k S\u0142ucki<\/td>\n<td><\/td>\n<\/tr>\n<tr>\n<td>Kucharski Zygmunt<\/td>\n<td>Dow. VI armii<\/td>\n<td><\/td>\n<\/tr>\n<tr>\n<td>Kali\u0144ski Boles\u0142aw<\/td>\n<td>42 p. p.<\/td>\n<td>od 15.VII do 28.IX.1920 r.<\/td>\n<\/tr>\n<\/tbody>\n<\/table>\n<p><em>\u0179r\u00f3d\u0142o: &#8220;Jednodni\u00f3wka Harcerska&#8221; 1937 r.<\/em><\/p>\n","protected":false},"excerpt":{"rendered":"<p>Nadszed\u0142 sierpie\u0144 1920 r. Zm\u0119czona trudem i walkami armia polska cofa si\u0119 spod Kijowa i z nad D\u017awiny, przed przewa\u017caj\u0105cemi si\u0142ami wroga. Wojsko Polskie znu\u017cone ustawiczn\u0105 walk\u0105, forsownymi marszami i brakiem rezerw nie mo\u017ce stawi\u0107 skutecznego oporu hordom bolszewickim. W obliczu gro\u017anego niebezpiecze\u0144stwa organizuje Rz\u0105d Obrony Narodowej ochotnicz\u0105 armi\u0119, kt\u00f3ra swym m\u0142odzie\u0144czym zapa\u0142em podnosi ducha w wojsku. Na apel Rz\u0105du &#8230;<\/p>\n","protected":false},"author":1,"featured_media":3363,"comment_status":"open","ping_status":"open","sticky":false,"template":"","format":"standard","meta":[],"categories":[30],"tags":[180,945,129,1522,1101,1103,1102,719],"_links":{"self":[{"href":"https:\/\/www.lukow-historia.pl\/index.php?rest_route=\/wp\/v2\/posts\/3341"}],"collection":[{"href":"https:\/\/www.lukow-historia.pl\/index.php?rest_route=\/wp\/v2\/posts"}],"about":[{"href":"https:\/\/www.lukow-historia.pl\/index.php?rest_route=\/wp\/v2\/types\/post"}],"author":[{"embeddable":true,"href":"https:\/\/www.lukow-historia.pl\/index.php?rest_route=\/wp\/v2\/users\/1"}],"replies":[{"embeddable":true,"href":"https:\/\/www.lukow-historia.pl\/index.php?rest_route=%2Fwp%2Fv2%2Fcomments&post=3341"}],"version-history":[{"count":21,"href":"https:\/\/www.lukow-historia.pl\/index.php?rest_route=\/wp\/v2\/posts\/3341\/revisions"}],"predecessor-version":[{"id":3362,"href":"https:\/\/www.lukow-historia.pl\/index.php?rest_route=\/wp\/v2\/posts\/3341\/revisions\/3362"}],"wp:featuredmedia":[{"embeddable":true,"href":"https:\/\/www.lukow-historia.pl\/index.php?rest_route=\/wp\/v2\/media\/3363"}],"wp:attachment":[{"href":"https:\/\/www.lukow-historia.pl\/index.php?rest_route=%2Fwp%2Fv2%2Fmedia&parent=3341"}],"wp:term":[{"taxonomy":"category","embeddable":true,"href":"https:\/\/www.lukow-historia.pl\/index.php?rest_route=%2Fwp%2Fv2%2Fcategories&post=3341"},{"taxonomy":"post_tag","embeddable":true,"href":"https:\/\/www.lukow-historia.pl\/index.php?rest_route=%2Fwp%2Fv2%2Ftags&post=3341"}],"curies":[{"name":"wp","href":"https:\/\/api.w.org\/{rel}","templated":true}]}}