{"id":3385,"date":"2014-10-19T22:23:51","date_gmt":"2014-10-19T20:23:51","guid":{"rendered":"http:\/\/www.lukow-historia.pl\/?p=3385"},"modified":"2014-12-15T22:36:54","modified_gmt":"2014-12-15T20:36:54","slug":"v-rejon-armii-krajowej-wojcieszkow-obwodu-lukow-1939-1945","status":"publish","type":"post","link":"https:\/\/www.lukow-historia.pl\/?p=3385","title":{"rendered":"V Rejon Armii Krajowej Wojcieszk\u00f3w Obwodu \u0141uk\u00f3w 1939 &#8211; 1945"},"content":{"rendered":"<div class=\"fancy_box\">\n<div class=\"fancy_box_content\">\n<h6>Lubi\u0119 b\u0142\u0105dzi\u0107 \u0142\u0105kami, lubi\u0119 brodzi\u0107 polami &#8230;<br \/>\nDo mnie \u015bmiej\u0105 si\u0119 kwiaty,<br \/>\nTrawa w pas mi si\u0119 k\u0142ania, dla mnie \u0142an si\u0119 rozdzwania<br \/>\nDla tu\u0142acza &#8211; bez chaty.<\/h6>\n<p style=\"text-align: right\"><em>Piotr \u017budrak, maj 1941<\/em><\/p>\n<\/div>\n<\/div>\n<p style=\"text-align: justify\">Pierwsza grupa konspiracyjna S\u0142u\u017cby Zwyci\u0119stwu Polsce w p\u00f3\u017aniejszym V Rejonie powsta\u0142a w Adamowie w pa\u017adzierniku 1939 r. Jej organizatorem by\u0142 miejscowy lekarz, por. Kazimierz \u015aniegocki. W sk\u0142ad grupy weszli organizatorzy ZWK &#8211; AK z Serokomli, Adamowa, Wojcieszkowa i okolicznych miejscowo\u015bci. W 1940 r., na skutek dekonspiracji, okupanci aresztowali ponad 60 dzia\u0142aczy konspiracyjnych. Wielu cz\u0142onk\u00f3w podziemia rozstrzelano, a pozosta\u0142ych wywieziono do oboz\u00f3w koncentracyjnych. W Wojcieszkowie pierwsze zr\u0119by podziemnych struktur utworzy\u0142 W\u0142adys\u0142aw Pr\u00f3chniewicz, miejscowy dzia\u0142acz o\u015bwiatowy.<\/p>\n<p style=\"text-align: justify\">SZP dzia\u0142a\u0142a w powiecie \u0142ukowskim do maja 1940 roku, by potem przekszta\u0142ci\u0107 si\u0119 w ZWZ, z r\u00f3wnoczesn\u0105 .zmian\u0105 charakteru dowodzenia &#8211; w miejsce dow\u00f3dztwa powiatu utworzono Komend\u0119 Obwodu. Pierwotnie, Obw\u00f3d znajdowa\u0142 si\u0119 w strukturze Inspektoratu Pu\u0142awy.<\/p>\n<p style=\"text-align: justify\">W 1942 roku nast\u0105pi\u0142o przesuni\u0119cie Obwodu do Inspektoratu Radzy\u0144.<\/p>\n<p style=\"text-align: justify\">Wiosn\u0105 1941 roku Komenda zdecydowa\u0142a o podziale Obwodu na 7 Rejon\u00f3w. Ka\u017cdy z Rejon\u00f3w obejmowa\u0142 2-3 gminy.<\/p>\n<p style=\"text-align: justify\">W sk\u0142ad V Rejonu Wojcieszk\u00f3w, przekszta\u0142conego p\u00f3\u017aniej na podstawie rozkazu Dow\u00f3dcy Obwodu kpt. &#8220;Ostoi&#8221; w Rejon &#8220;Po\u0142onina&#8221;, wchodzi\u0142y gminy: Gu\u0142\u00f3w z siedzib\u0105 w Adamowie, Serokomla i Wojcieszk\u00f3w. Rejon obejmowa\u0142 obszar ok. 3.200 ha, z nast\u0119puj\u0105cymi miejscowo\u015bciami: Adam\u00f3w, D\u0105br\u00f3wka, Ferdynand\u00f3w, Hordzie\u017cka, Gu\u0142\u00f3w, Konorzatka, Lipiny, Turzystwo, Wola Gu\u0142owska, \u017burawiec &#8211; z gminy Gu\u0142\u00f3w, Bielany, Bronis\u0142aw\u00f3w, Czarna, Hordzie\u017c, J\u00f3zef\u00f3w, Pozna\u0144, Ruda, Serokomla, W\u00f3lka Serokomska, Zak\u0119pie &#8211; z gminy Serokomla, Burzec, Bystrzyca, Ci\u0119\u017ckie, Helen\u00f3w, Herman\u00f3w, Marian\u00f3w, Otylin, Oszczepalin I, Oszczepalin II, Szcza\u0142b, Wojcieszk\u00f3w, Wola Bobrowa, Wola Osowi\u0144ska, Wola Burzecka, Wola Bystrzycka \u2013 z gminy Wojcieszk\u00f3w.<\/p>\n<p style=\"text-align: justify\">W Rejonie Wojcieszk\u00f3w aktywnie dzia\u0142a\u0142y 3 plutony: w Woli Gu\u0142owskiej ( d-ca Aleksander Suska ), w Bielanach ( d-ca Wac\u0142aw Kaczorkiewicz ) i Hermanowie ( d-ca ppor. Wac\u0142aw G\u00f3rczy\u0144ski ). W sk\u0142ad pluton\u00f3w wchodzi\u0142y m.in. dru\u017cyny z Adamowa, Czarnej, Gu\u0142owa, Helenowa, Hordzie\u017cki, Serokomli, Wojcieszkowa. Oszczepalina, Siedlisk, Turzystwa, Woli Gu\u0142owskiej, Woli Burzeckiej, Kolonii Bystrzyckiej, Leonardowa.<\/p>\n<p style=\"text-align: justify\">Pierwszym Komendantem Rejonu do kwietnia 1943 r. by\u0142 wachm. J\u00f3zef Ho\u0142y\u0144ski &#8220;Tomasz&#8221;, nauczyciel z Burca. W maju tego roku, Komendantem Rejonu zosta\u0142 mianowany ppor. Piotr \u017budrak &#8220;Tadeusz&#8221;, oficer Kedywu, oficer Komendy Obwodu. W marcu wykona\u0142 on w Bia\u0142ej Podlaskiej wyrok WSS AK na gestapowcu M. Szyma\u0144skim. Jesieni\u0105 1943 r. by\u0142 oficerem wprowadzaj\u0105cym por. W. Rejmaka &#8220;Ostoj\u0119&#8221; na teren Obwodu.<\/p>\n<p style=\"text-align: justify\">Ppor. &#8220;Tadeusz&#8221; zgin\u0105\u0142 z r\u0105k funkcjonariuszy PUBP w Hermanowie w pa\u017adzierniku 1944 r.. Po \u015bmierci &#8220;Tadeusza&#8221;, dow\u00f3dztwo Rejonu, do sierpnia 1945 r., obj\u0105\u0142 ppor. Wac\u0142aw Kaczorkiewicz &#8220;CoTo&#8221;. Po utworzeniu we wrze\u015bniu 1945 r struktur WiN, ppor. &#8220;CoTo&#8221; zosta\u0142 dow\u00f3dc\u0105 Rejonu. D\u0142ugoletni zast\u0119pca komendant\u00f3w ppor. Zenon Korzeniowski &#8220;S\u0119p&#8221; w marcu 1944 zosta\u0142 zamordowany przez Gestapo.<\/p>\n<p style=\"text-align: justify\">W sztabie V Rejonu dzia\u0142a\u0142o 6 sekcji: wywiadu \u2013 ppor. Leon J\u00f3\u017awik, \u0142\u0105czno\u015bci \u2013 kpr. Czes\u0142aw Jaro\u0144, organizacyjna \u2013 Witalis Grochowski, sanitarna \u2013 ppor. J\u00f3zef Musiatowicz, kwatermistrzowska \u2013 plut. Walery Barszcz, broni &#8211; kpr. Stanis\u0142aw Doma\u0144ski.<\/p>\n<p style=\"text-align: justify\">Struktury niepodleg\u0142o\u015bciowe Rejonu ponios\u0142y w czasie okupacji wiele ofiar ludzkich, lecz najci\u0119\u017cszy cios nast\u0105pi\u0142 po wkroczeniu Armii Czerwonej i posuwaj\u0105cymi si\u0119 za nimi oddzia\u0142ami NKWD oraz po utworzeniu struktur bezpiecze\u0144stwa &#8220;Ludowego Pa\u0144stwa&#8221;. Aresztowano wielu cz\u0142onk\u00f3w AK. Nasilenie aresztowa\u0144 nast\u0105pi\u0142o w listopadzie 1944 roku bezpieka aresztowa\u0142a ponad 25 cz\u0142onk\u00f3w AK z Wojcieszkowa. Wywieziono ich do \u0142agr\u00f3w, w g\u0142\u0105b Zwi\u0105zku Sowieckiego.<\/p>\n<p><em>Autor: Piotr \u017budrak \u2013 SGI &#8220;Tablica Pami\u0119ci AK&#8221;<\/em><\/p>\n<div class=\"titled_box\">\n<h6 class=\"titled_box_title white\"><span>Literatura:<\/span><\/h6>\n<div class=\"titled_box_content\">\n<em>Jerzy Sroka &#8220;9. Podlaska Dywizja Piechoty AK&#8221; Bia\u0142a Podlaska 1995.<br \/>\nArkadiusz Kwieci\u0144ski praca magisterska &#8220;Obw\u00f3d ZWZ-AK \u0141uk\u00f3w 1939-1945&#8221; KUL 1988.<br \/>\nZygmunt Cichosz &#8220;Obw\u00f3d Armii Krajowej \u0141uk\u00f3w &#8220;\u0141o\u015b&#8221;, &#8220;Wielkie \u0141uki&#8221;, &#8220;Maciek&#8221; 1939-1945\u201d \u0141uk\u00f3w 2009.<\/em>\n<\/div>\n<\/div>\n<hr>\n<p style=\"text-align: justify\">26 pa\u017adziernika 2014 roku w Wojcieszkowie ods\u0142oni\u0119to pami\u0105tkow\u0105 tablice po\u015bwi\u0119con\u0105 \u017co\u0142nierzom V Rejonu Armii Krajowej Obwodu \u0141uk\u00f3w.<\/p>\n<div class=\"aligncenter\"><span class=\"shadow_frame\"><a rel=\"prettyPhoto\" href=\"https:\/\/www.lukow-historia.pl\/wp-content\/uploads\/2014\/12\/projekt-tablicy-wojcieszkow.jpg\" title=\"\"><img src=\"https:\/\/www.lukow-historia.pl\/wp-content\/uploads\/2014\/12\/projekt-tablicy-wojcieszkow.jpg\" title=\"\" alt=\"\" width=\"560\" height=\"373\" \/><\/a><img alt=\"\" src=\"https:\/\/www.lukow-historia.pl\/wp-content\/themes\/infocus\/images\/shortcodes\/image_shadow.png\" style=\"width:560px;\" class=\"image_shadow\"><\/span><\/div><p style=\"text-align: center\"><em>Projekt tablicy<\/em><\/p>\n<p>Dokona\u0142a tego <strong>&#8220;Spo\u0142eczna Grupa Inicjatywna Tablica Pami\u0119ci AK&#8221;<\/strong> oraz g\u0142\u00f3wny inicjator, potomek dow\u00f3dcy wojcieszkowskich \u017co\u0142nierzy, dr Piotr \u017budrak z Wroc\u0142awia.<\/p>\n<p>\u0179r\u00f3d\u0142o: <a href=\"http:\/\/magnes.tv\" target=\"blank\">MAGNES TV<\/a><br \/>\n<center><br \/>\n<iframe loading=\"lazy\" width=\"560\" height=\"315\" src=\"\/\/www.youtube.com\/embed\/SHduCxcxzCU?rel=0\" frameborder=\"0\" allowfullscreen><\/iframe><\/center><\/p>\n","protected":false},"excerpt":{"rendered":"<p>Pierwsza grupa konspiracyjna S\u0142u\u017cby Zwyci\u0119stwu Polsce w p\u00f3\u017aniejszym V Rejonie powsta\u0142a w Adamowie w pa\u017adzierniku 1939 r. Jej organizatorem by\u0142 miejscowy lekarz, por. Kazimierz \u015aniegocki. W sk\u0142ad grupy weszli organizatorzy ZWK &#8211; AK z Serokomli, Adamowa, Wojcieszkowa i okolicznych miejscowo\u015bci. W 1940 r., na skutek dekonspiracji, okupanci aresztowali ponad 60 dzia\u0142aczy konspiracyjnych. Wielu cz\u0142onk\u00f3w podziemia rozstrzelano, a pozosta\u0142ych wywieziono do &#8230;<\/p>\n","protected":false},"author":1,"featured_media":3453,"comment_status":"open","ping_status":"open","sticky":false,"template":"","format":"standard","meta":[],"categories":[30],"tags":[16,376,37,1523,42,383,356,94,1140,53,351,1121,1122,1130,86,1131,1123,1147,1089,1114,1116,1053,1132,1124,1115,1143,1149,1125,1111,1117,1146,1118,1133,58,1010,1135,1134,1144,1126,124,1545,1127,761,1151,1136,1119,1142,1141,827,1150,1148,1113,1112,1137,1139,609,551,1138,1128,1129,1145,1120],"_links":{"self":[{"href":"https:\/\/www.lukow-historia.pl\/index.php?rest_route=\/wp\/v2\/posts\/3385"}],"collection":[{"href":"https:\/\/www.lukow-historia.pl\/index.php?rest_route=\/wp\/v2\/posts"}],"about":[{"href":"https:\/\/www.lukow-historia.pl\/index.php?rest_route=\/wp\/v2\/types\/post"}],"author":[{"embeddable":true,"href":"https:\/\/www.lukow-historia.pl\/index.php?rest_route=\/wp\/v2\/users\/1"}],"replies":[{"embeddable":true,"href":"https:\/\/www.lukow-historia.pl\/index.php?rest_route=%2Fwp%2Fv2%2Fcomments&post=3385"}],"version-history":[{"count":31,"href":"https:\/\/www.lukow-historia.pl\/index.php?rest_route=\/wp\/v2\/posts\/3385\/revisions"}],"predecessor-version":[{"id":3567,"href":"https:\/\/www.lukow-historia.pl\/index.php?rest_route=\/wp\/v2\/posts\/3385\/revisions\/3567"}],"wp:featuredmedia":[{"embeddable":true,"href":"https:\/\/www.lukow-historia.pl\/index.php?rest_route=\/wp\/v2\/media\/3453"}],"wp:attachment":[{"href":"https:\/\/www.lukow-historia.pl\/index.php?rest_route=%2Fwp%2Fv2%2Fmedia&parent=3385"}],"wp:term":[{"taxonomy":"category","embeddable":true,"href":"https:\/\/www.lukow-historia.pl\/index.php?rest_route=%2Fwp%2Fv2%2Fcategories&post=3385"},{"taxonomy":"post_tag","embeddable":true,"href":"https:\/\/www.lukow-historia.pl\/index.php?rest_route=%2Fwp%2Fv2%2Ftags&post=3385"}],"curies":[{"name":"wp","href":"https:\/\/api.w.org\/{rel}","templated":true}]}}