{"id":3719,"date":"2015-06-20T18:27:06","date_gmt":"2015-06-20T16:27:06","guid":{"rendered":"http:\/\/www.lukow-historia.pl\/?p=3719"},"modified":"2015-07-05T18:36:22","modified_gmt":"2015-07-05T16:36:22","slug":"wielki-dzien-lukowa","status":"publish","type":"post","link":"https:\/\/www.lukow-historia.pl\/?p=3719","title":{"rendered":"WIELKI DZIE\u0143 \u0141ukowa"},"content":{"rendered":"<ul>\n<li>Ods\u0142oni\u0119cie Pomnika Wdzi\u0119czno\u015bci dla Armii Radzieckiej.<\/li>\n<li>Pi\u0119kny, nowoczesny gmach urz\u0119du pocztowego oddany na s\u0142u\u017cb\u0119 spo\u0142ecze\u0144stwa \u0142ukowskiego.<\/li>\n<\/ul>\n<hr>\n<p style=\"text-align: justify\">Wczorajszy dzie\u0144 zaznaczy\u0142 si\u0119 w spokojnym \u017cyciu \u0141ukowa a\u017c dwoma podnios\u0142ymi uroczysto\u015bciami. O godz. 14 zebra\u0142y si\u0119 tysi\u0105ce mieszka\u0144c\u00f3w \u0141ukowa na uroczystym ods\u0142oni\u0119ciu Pomnika Wdzi\u0119czno\u015bci dla Armii Radzieckiej, ufundowanego z ofiarnych sk\u0142adek \u0142ukowskiego spo\u0142ecze\u0144stwa.<\/p>\n<div class=\"aligncenter\"><span class=\"shadow_frame\"><a rel=\"prettyPhoto\" href=\"https:\/\/www.lukow-historia.pl\/wp-content\/uploads\/2015\/02\/lukow-pomnik-1968r.jpg\" title=\"\"><img src=\"https:\/\/www.lukow-historia.pl\/wp-content\/uploads\/2015\/02\/lukow-pomnik-1968r.jpg\" title=\"\" alt=\"\" width=\"600\" height=\"426\" \/><\/a><img alt=\"\" src=\"https:\/\/www.lukow-historia.pl\/wp-content\/themes\/infocus\/images\/shortcodes\/image_shadow.png\" style=\"width:600px;\" class=\"image_shadow\"><\/span><\/div><p style=\"text-align: center\"><em>Pomnik Wdzi\u0119czno\u015bci dla Armii Radzieckiej. Karta pocztowa z 1968 r.<\/em><\/p>\n<p style=\"text-align: justify\">Do zebranych \u0142ukowian przem\u00f3wi\u0142 przyby\u0142y na t\u0119 uroczysto\u015b\u0107 sekretarz Komitetu Wojew\u00f3dzkiego Edward MACHOCKI. Omawiaj\u0105c liczne etapy zacie\u015bniaj\u0105cej si\u0119 przyja\u017ani i wsp\u00f3\u0142pracy polsko-radzieckiej m\u00f3wca podkre\u015bli\u0142, \u017ce dzi\u0119ki niej odzyskali\u015bmy niepodleg\u0142o\u015b\u0107, wznie\u015bli\u015bmy zr\u0119by pa\u0144stwa ludowego, a obecnie w dalszym ci\u0105gu rozwijamy budownictwo socjalistyczne. Po przem\u00f3wieniu przedstawiciela Wojska Polskiego, sekretarz Edward Machocki dokona\u0142 ods\u0142oni\u0119cia pomnika. Pi\u0119kny, nowoczesny, niezmiernie komunikatywny pomnik b\u0119dzie ozdob\u0105 \u0141ukowa, widomym znakiem gor\u0105cego uczucia wdzi\u0119czno\u015bci i przyja\u017ani do Zwi\u0105zku Radzieckiego.<\/p>\n<div class=\"ngg-galleryoverview\" id=\"ngg-gallery-39-3719\">\n<hr>\n<h3>Pomnik Wdzi\u0119czno\u015bci<\/h3>\n<p>\t<!-- Thumbnails --><\/p>\n<div id=\"ngg-image-593\" class=\"ngg-gallery-thumbnail-box\"  >\n<div class=\"ngg-gallery-thumbnail\" >\n\t\t\t<a href=\"https:\/\/www.lukow-historia.pl\/\/wp-content\/gallery\/pomnik_1\/pomnik1.jpg\" title=\" \" rel=\"lightbox[set_39]\" ><br \/>\n\t\t\t\t\t\t\t\t<img title=\"Pomnik Wdzi\u0119czno\u015bci\" alt=\"Pomnik Wdzi\u0119czno\u015bci\" src=\"https:\/\/www.lukow-historia.pl\/\/wp-content\/gallery\/pomnik_1\/thumbs\/thumbs_pomnik1.jpg\" width=\"100\" height=\"75\" \/><br \/>\n\t\t\t\t\t\t\t<\/a>\n\t\t<\/div>\n<\/p><\/div>\n<div id=\"ngg-image-594\" class=\"ngg-gallery-thumbnail-box\"  >\n<div class=\"ngg-gallery-thumbnail\" >\n\t\t\t<a href=\"https:\/\/www.lukow-historia.pl\/\/wp-content\/gallery\/pomnik_1\/pomnik2.jpg\" title=\" \" rel=\"lightbox[set_39]\" ><br \/>\n\t\t\t\t\t\t\t\t<img title=\"Pomnik Wdzi\u0119czno\u015bci\" alt=\"Pomnik Wdzi\u0119czno\u015bci\" src=\"https:\/\/www.lukow-historia.pl\/\/wp-content\/gallery\/pomnik_1\/thumbs\/thumbs_pomnik2.jpg\" width=\"100\" height=\"75\" \/><br \/>\n\t\t\t\t\t\t\t<\/a>\n\t\t<\/div>\n<\/p><\/div>\n<div id=\"ngg-image-595\" class=\"ngg-gallery-thumbnail-box\"  >\n<div class=\"ngg-gallery-thumbnail\" >\n\t\t\t<a href=\"https:\/\/www.lukow-historia.pl\/\/wp-content\/gallery\/pomnik_1\/pomnik3.jpg\" title=\" \" rel=\"lightbox[set_39]\" ><br \/>\n\t\t\t\t\t\t\t\t<img title=\"Pomnik Wdzi\u0119czno\u015bci\" alt=\"Pomnik Wdzi\u0119czno\u015bci\" src=\"https:\/\/www.lukow-historia.pl\/\/wp-content\/gallery\/pomnik_1\/thumbs\/thumbs_pomnik3.jpg\" width=\"100\" height=\"75\" \/><br \/>\n\t\t\t\t\t\t\t<\/a>\n\t\t<\/div>\n<\/p><\/div>\n<div id=\"ngg-image-596\" class=\"ngg-gallery-thumbnail-box\"  >\n<div class=\"ngg-gallery-thumbnail\" >\n\t\t\t<a href=\"https:\/\/www.lukow-historia.pl\/\/wp-content\/gallery\/pomnik_1\/pomnik4.jpg\" title=\" \" rel=\"lightbox[set_39]\" ><br \/>\n\t\t\t\t\t\t\t\t<img title=\"Pomnik Wdzi\u0119czno\u015bci\" alt=\"Pomnik Wdzi\u0119czno\u015bci\" src=\"https:\/\/www.lukow-historia.pl\/\/wp-content\/gallery\/pomnik_1\/thumbs\/thumbs_pomnik4.jpg\" width=\"100\" height=\"75\" \/><br \/>\n\t\t\t\t\t\t\t<\/a>\n\t\t<\/div>\n<\/p><\/div>\n<div id=\"ngg-image-597\" class=\"ngg-gallery-thumbnail-box\"  >\n<div class=\"ngg-gallery-thumbnail\" >\n\t\t\t<a href=\"https:\/\/www.lukow-historia.pl\/\/wp-content\/gallery\/pomnik_1\/pomnik5.jpg\" title=\" \" rel=\"lightbox[set_39]\" ><br \/>\n\t\t\t\t\t\t\t\t<img title=\"Pomnik Wdzi\u0119czno\u015bci\" alt=\"Pomnik Wdzi\u0119czno\u015bci\" src=\"https:\/\/www.lukow-historia.pl\/\/wp-content\/gallery\/pomnik_1\/thumbs\/thumbs_pomnik5.jpg\" width=\"100\" height=\"75\" \/><br \/>\n\t\t\t\t\t\t\t<\/a>\n\t\t<\/div>\n<\/p><\/div>\n<div id=\"ngg-image-598\" class=\"ngg-gallery-thumbnail-box\"  >\n<div class=\"ngg-gallery-thumbnail\" >\n\t\t\t<a href=\"https:\/\/www.lukow-historia.pl\/\/wp-content\/gallery\/pomnik_1\/pomnik6.jpg\" title=\" \" rel=\"lightbox[set_39]\" ><br \/>\n\t\t\t\t\t\t\t\t<img title=\"Pomnik Wdzi\u0119czno\u015bci\" alt=\"Pomnik Wdzi\u0119czno\u015bci\" src=\"https:\/\/www.lukow-historia.pl\/\/wp-content\/gallery\/pomnik_1\/thumbs\/thumbs_pomnik6.jpg\" width=\"100\" height=\"75\" \/><br \/>\n\t\t\t\t\t\t\t<\/a>\n\t\t<\/div>\n<\/p><\/div>\n<div id=\"ngg-image-599\" class=\"ngg-gallery-thumbnail-box\"  >\n<div class=\"ngg-gallery-thumbnail\" >\n\t\t\t<a href=\"https:\/\/www.lukow-historia.pl\/\/wp-content\/gallery\/pomnik_1\/pomnik7.jpg\" title=\" \" rel=\"lightbox[set_39]\" ><br \/>\n\t\t\t\t\t\t\t\t<img title=\"Pomnik Wdzi\u0119czno\u015bci\" alt=\"Pomnik Wdzi\u0119czno\u015bci\" src=\"https:\/\/www.lukow-historia.pl\/\/wp-content\/gallery\/pomnik_1\/thumbs\/thumbs_pomnik7.jpg\" width=\"100\" height=\"75\" \/><br \/>\n\t\t\t\t\t\t\t<\/a>\n\t\t<\/div>\n<\/p><\/div>\n<p>\t<!-- Pagination --><\/p>\n<div class='ngg-clear'><\/div>\n<\/div>\n<p><a href=\"\/?page_id=220\">Powr\u00f3t dp albumu<\/a><\/p>\n<p style=\"text-align: justify\">Wi\u0119kszo\u015b\u0107 zebranych na wiecu uczestnik\u00f3w uda\u0142a si\u0119 nast\u0119pnie pod gmach nowej poczty. Otwarcia tego nowoczesnego, doskonale wyposa\u017conego, pi\u0119knego i wygodnego gmachu dokona\u0142 w obecno\u015bci sekretarzy KW Mariana Peca i Edwarda Machockiego, oraz cz\u0142onka Prezydium WRN Mieczys\u0142awa Maliszewskiego, dyrektor Woj. Zarz\u0105du \u0141\u0105czno\u015bci Czes\u0142aw Zarembski.<\/p>\n<div class=\"aligncenter\"><span class=\"shadow_frame\"><a rel=\"prettyPhoto\" href=\"https:\/\/www.lukow-historia.pl\/wp-content\/uploads\/2015\/02\/lukow-poczta.jpg\" title=\"\"><img src=\"https:\/\/www.lukow-historia.pl\/wp-content\/uploads\/2015\/02\/lukow-poczta.jpg\" title=\"\" alt=\"\" width=\"600\" height=\"392\" \/><\/a><img alt=\"\" src=\"https:\/\/www.lukow-historia.pl\/wp-content\/themes\/infocus\/images\/shortcodes\/image_shadow.png\" style=\"width:600px;\" class=\"image_shadow\"><\/span><\/div><p style=\"text-align: center\"><em>Budynek urz\u0119du pocztowego. Lata 60-te.<\/em><\/p>\n<div class=\"aligncenter\"><span class=\"shadow_frame\"><a rel=\"prettyPhoto\" href=\"https:\/\/www.lukow-historia.pl\/wp-content\/uploads\/2015\/07\/lukow-poczta2015.jpg\" title=\"\"><img src=\"https:\/\/www.lukow-historia.pl\/wp-content\/uploads\/2015\/07\/lukow-poczta2015.jpg\" title=\"\" alt=\"\" width=\"600\" height=\"389\" \/><\/a><img alt=\"\" src=\"https:\/\/www.lukow-historia.pl\/wp-content\/themes\/infocus\/images\/shortcodes\/image_shadow.png\" style=\"width:600px;\" class=\"image_shadow\"><\/span><\/div><p style=\"text-align: center\"><em>Budynek urz\u0119du pocztowego w dniu dzisiejszym.<\/em><\/p>\n<p style=\"text-align: justify\">\u0141ukowski urz\u0105d pocztowy jest niew\u0105tpliwie jednym z najnowocze\u015bniejszych obiekt\u00f3w \u0142\u0105czno\u015bci w Polsce. Wygodna, pi\u0119kna, barwna hala operacyjna, liczne pomieszczenia dla poszczeg\u00f3lnych dzia\u0142\u00f3w, wreszcie nowoczesna centrala automatyczna \u2014 wszystko to s\u0142u\u017cy\u0107 odt\u0105d b\u0119dzie spo\u0142ecze\u0144stwu \u0142ukowskiemu.<\/p>\n<p><em>Autor: &#8212;<br \/>\n\u0179r\u00f3d\u0142o: &#8220;Kurier Lubelski&#8221; 17 grudnia 1960 r.<\/em><\/p>\n","protected":false},"excerpt":{"rendered":"<p>Ods\u0142oni\u0119cie Pomnika Wdzi\u0119czno\u015bci dla Armii Radzieckiej. Pi\u0119kny, nowoczesny gmach urz\u0119du pocztowego oddany na s\u0142u\u017cb\u0119 spo\u0142ecze\u0144stwa \u0142ukowskiego. Wczorajszy dzie\u0144 zaznaczy\u0142 si\u0119 w spokojnym \u017cyciu \u0141ukowa a\u017c dwoma podnios\u0142ymi uroczysto\u015bciami. O godz. 14 zebra\u0142y si\u0119 tysi\u0105ce mieszka\u0144c\u00f3w \u0141ukowa na uroczystym ods\u0142oni\u0119ciu Pomnika Wdzi\u0119czno\u015bci dla Armii Radzieckiej, ufundowanego z ofiarnych sk\u0142adek \u0142ukowskiego spo\u0142ecze\u0144stwa. Pomnik Wdzi\u0119czno\u015bci dla Armii Radzieckiej. Karta pocztowa z 1968 r. &#8230;<\/p>\n","protected":false},"author":1,"featured_media":3881,"comment_status":"open","ping_status":"open","sticky":false,"template":"","format":"standard","meta":[],"categories":[30],"tags":[710,1210,234,155,1209],"_links":{"self":[{"href":"https:\/\/www.lukow-historia.pl\/index.php?rest_route=\/wp\/v2\/posts\/3719"}],"collection":[{"href":"https:\/\/www.lukow-historia.pl\/index.php?rest_route=\/wp\/v2\/posts"}],"about":[{"href":"https:\/\/www.lukow-historia.pl\/index.php?rest_route=\/wp\/v2\/types\/post"}],"author":[{"embeddable":true,"href":"https:\/\/www.lukow-historia.pl\/index.php?rest_route=\/wp\/v2\/users\/1"}],"replies":[{"embeddable":true,"href":"https:\/\/www.lukow-historia.pl\/index.php?rest_route=%2Fwp%2Fv2%2Fcomments&post=3719"}],"version-history":[{"count":15,"href":"https:\/\/www.lukow-historia.pl\/index.php?rest_route=\/wp\/v2\/posts\/3719\/revisions"}],"predecessor-version":[{"id":4098,"href":"https:\/\/www.lukow-historia.pl\/index.php?rest_route=\/wp\/v2\/posts\/3719\/revisions\/4098"}],"wp:featuredmedia":[{"embeddable":true,"href":"https:\/\/www.lukow-historia.pl\/index.php?rest_route=\/wp\/v2\/media\/3881"}],"wp:attachment":[{"href":"https:\/\/www.lukow-historia.pl\/index.php?rest_route=%2Fwp%2Fv2%2Fmedia&parent=3719"}],"wp:term":[{"taxonomy":"category","embeddable":true,"href":"https:\/\/www.lukow-historia.pl\/index.php?rest_route=%2Fwp%2Fv2%2Fcategories&post=3719"},{"taxonomy":"post_tag","embeddable":true,"href":"https:\/\/www.lukow-historia.pl\/index.php?rest_route=%2Fwp%2Fv2%2Ftags&post=3719"}],"curies":[{"name":"wp","href":"https:\/\/api.w.org\/{rel}","templated":true}]}}