{"id":4060,"date":"2016-02-02T21:36:46","date_gmt":"2016-02-02T19:36:46","guid":{"rendered":"http:\/\/www.lukow-historia.pl\/?p=4060"},"modified":"2017-07-02T22:03:17","modified_gmt":"2017-07-02T20:03:17","slug":"relacje-jakowa-keselbrenera","status":"publish","type":"post","link":"https:\/\/www.lukow-historia.pl\/?p=4060","title":{"rendered":"Relacje Jakowa Keselbrenera"},"content":{"rendered":"<h6>Mi\u0119dzy heroizmem i eksterminacj\u0105. (streszczenie)<\/h6>\n<p style=\"text-align: justify\">2 maja 1943 r. nast\u0105pi\u0142a ostateczna likwidacja \u017cydowskiego \u017cycia w \u0141ukowie.<\/p>\n<p style=\"text-align: justify\">Jakow ukrywa\u0142 si\u0119 w bunkrze z bratem Herszelem, Aronem Erlichem i Abrahamem Wi\u015bni\u0105. Wyszed\u0142 z nimi, gdy by\u0142o ju\u017c po wszystkim. Na ulicach le\u017ca\u0142y trupy. Jedyne cienie, jakie snu\u0142y si\u0119 po mie\u015bcie, to byli Polacy pl\u0105druj\u0105cy opuszczone \u017cydowskie domy.<\/p>\n<p style=\"text-align: justify\">Getta pilnowa\u0142a polska policja, kt\u00f3ra wypatrywa\u0142a ostatnich \u017byd\u00f3w. <\/p>\n<p style=\"text-align: justify\">Jakow wraz z bratem poszed\u0142 na ul. Jatkow\u0105 zobaczy\u0107, co z bunkrem, w kt\u00f3rym ukrywa\u0142a si\u0119 ich rodzina. Na szcz\u0119\u015bcie pozosta\u0142 nietkni\u0119ty. Gdy zdejmowali przykrywaj\u0105ce go deski, pojawi\u0142 si\u0119 policjant z elektryczn\u0105 latark\u0105 w r\u0119ku. Pozna\u0142 ich i, widz\u0105c w ich oczach strach, zlitowa\u0142 si\u0119 i kaza\u0142 im natychmiast ucieka\u0107. <\/p>\n<p style=\"text-align: justify\">Wydobyli rodzin\u0119 z bunkra i poszli wzd\u0142u\u017c rzeki przy drodze do Jezior. Byli wystraszeni, zm\u0119czeni i przede wszystkim g\u0142odni. <\/p>\n<p style=\"text-align: justify\">Zatrzymali si\u0119 w ma\u0142ym lasku, 3 km od miasta. Nie wiedzieli, co dalej robi\u0107.<\/p>\n<p style=\"text-align: justify\">Po pewnym czasie zdobyli troch\u0119 po\u017cywienia. Dostali je od pewnego Polaka, kt\u00f3ry panicznie ba\u0142 si\u0119, \u017ce, jak to zobaczy jego s\u0105siad, to doniesie na niego na gestapo. Potem ruszyli do lasu. <\/p>\n<p style=\"text-align: justify\">Zaszli do Janka Zimowskiego. Jakow zna\u0142 go jako cz\u0142owieka o dobrym sercu, gotowego nie\u015b\u0107 pomoc innym. Zimowski by\u0142 zdziwiony, \u017ce prze\u017cyli. Obieca\u0142 im pomoc. Powiedzia\u0142 Jakowowi, \u017ce s\u0105 u niego partyzanci z Kocka, kt\u00f3rych wcze\u015bniej ostrzeg\u0142, aby nie szli do getta w \u0141ukowie. Zawo\u0142a\u0142 ich. Zeszli ze strychu. Jakow pozna\u0142 dw\u00f3ch z nich. Postanowili, \u017ce utworz\u0105 grup\u0119 partyzanck\u0105 i wr\u00f3c\u0105 w okolice Kocka. Polak da\u0142 im chleba i zapewni\u0142, \u017ce mog\u0105 na niego liczy\u0107. <\/p>\n<p style=\"text-align: justify\">Poszli po rodzin\u0119 Jakowa, kt\u00f3ra zosta\u0142a w lesie. Po drodze Jakow powiedzia\u0142 swym towarzyszom, \u017ce ma dwa karabiny i kilka granat\u00f3w, kt\u00f3re jego bratu zosta\u0142y po s\u0142u\u017cbie w polskiej armii. <\/p>\n<p style=\"text-align: justify\">Po powrocie do lasu spotkali innych uciekinier\u00f3w z getta, m.in. Rubena Wajsbojma (Bobenikera), jego matk\u0119 i siostr\u0119, Lajbela Borensztajna, Henecha Normana i Jechiela Ajnsztoka. <\/p>\n<p style=\"text-align: justify\">Nad ranem Jakow z dwoma kolegami poszed\u0142 do \u015awidr\u00f3w, gdzie schowany by\u0142 ich skarb \u2013 bro\u0144. Czekali, a\u017c przyjdzie ch\u0142op, kt\u00f3ry zna\u0142 miejsce, gdzie brat Jakowa schowa\u0142 bro\u0144. Gdy przyszed\u0142, pogrozili mu pistoletem i kazali wskaza\u0107 kryj\u00f3wk\u0119. Szukali jej ca\u0142y dzie\u0144, nie\u015bwiadomi, jakie niebezpiecze\u0144stwo im grozi\u0142o, jednak niczego nie znale\u017ali. <\/p>\n<p style=\"text-align: justify\">Wr\u00f3cili za\u0142amani. Raz jeszcze udali si\u0119 do Zimowskiego, prosz\u0105c go, \u017ceby za\u0142atwi\u0142 im rewolwery. Kilka dni p\u00f3\u017aniej zdoby\u0142 dla nich dwa karabiny. <\/p>\n<p style=\"text-align: justify\">Brat Jakowa uda\u0142 si\u0119 w rejon Kocka, a Jakow pozosta\u0142 w pobli\u017cu rodziny, troszcz\u0105c si\u0119 o jedzenie dla niej. <\/p>\n<p style=\"text-align: justify\">&#8220;Koledzy z \u017cydowskiej partyzantki pr\u00f3bowali wsp\u00f3\u0142pracowa\u0107 z polskimi partyzantami, ale ponie\u015bli dotkliwe straty, bowiem ci ostatni okazali si\u0119 faszystami. Zgin\u0105\u0142 m.in. Ajnsztok i Erlich.&#8221;<\/p>\n<p style=\"text-align: justify\">Sytuacja ukrywaj\u0105cych si\u0119 sta\u0142a si\u0119 bardzo trudna. Polacy nie chcieli ich trzyma\u0107 nawet w stogach siana. Niemcy siali w okolicy terror. Ka\u017cdy, kto pomaga\u0142 \u017bydom, by\u0142 nara\u017cony na \u015bmier\u0107, a jego budynki na spalenie.<\/p>\n<p style=\"text-align: justify\">Pewnego dnia do ich grupy do\u0142\u0105czyli dwaj m\u0142odzi ch\u0142opcy posiadaj\u0105cy bro\u0144 \u2013 Mosze Wi\u015bnia i Arie \u015amietanka. Gdy zobaczyli, w jakim okropnym stanie znajduje si\u0119 Jakow i jego koledzy, zaproponowali im, \u017ceby poszli z nimi zdoby\u0107 troch\u0119 przyzwoitych ubra\u0144. Matka Jakowa bardzo si\u0119 o niego ba\u0142a, prosi\u0142a, \u017ceby uwa\u017ca\u0142 na siebie, bo jest jej ostatni\u0105 nadziej\u0105. <\/p>\n<p style=\"text-align: justify\">W nocy wyszli ze swego schronu, \u017ceby spotka\u0107 si\u0119 u gospodarza, niejakiego Bronkiewicza. Mieli ukrytych u niego w bunkrze pod stajni\u0105 dw\u00f3ch przyjaci\u00f3\u0142. Opr\u00f3cz nich ukrywa\u0142a si\u0119 tam rodzina Rozenbaum\u00f3w, Josef \u015amietanka, Wi\u015bnia, Jakow Dagerman, Idel Wolant i Motel Tabakman. <\/p>\n<p style=\"text-align: justify\">U Bronkiewicza dowiedzieli si\u0119, \u017ce polscy nacjonalistyczni partyzanci likwiduj\u0105 wszystkich \u017byd\u00f3w, kt\u00f3rzy prze\u017cyli, a\u017ceby nie by\u0142o \u015bwiadk\u00f3w ich wcze\u015bniejszych wyst\u0119pk\u00f3w. Ostatnio zabili np. rodzin\u0119 Frost\u00f3w i gospodarzy, kt\u00f3rzy ich ukrywali. <\/p>\n<p style=\"text-align: justify\">Ca\u0142a niedziela zesz\u0142a im na opowie\u015bciach o okropno\u015bciach, jakich dopuszczali si\u0119 polscy faszy\u015bci na \u017bydach i pomagaj\u0105cych im Polakach. Bronkiewicz by\u0142 do nich dobrze usposobiony, ale te\u017c bardzo si\u0119 ba\u0142 o swoje bezpiecze\u0144stwo. <\/p>\n<p style=\"text-align: justify\">Gdy tak rozmawiali, zacz\u0119\u0142y ujada\u0107 psy. Ujrzeli na zewn\u0105trz \u015bwiat\u0142a latarek. Gospodarz powiedzia\u0142 im, \u017ce to na pewno atak partyzant\u00f3w. Chwil\u0119 p\u00f3\u017aniej zacz\u0119\u0142a si\u0119 strzelanina. <\/p>\n<p style=\"text-align: justify\">\u017bydzi postanowili walczy\u0107. Mieli osiem karabin\u00f3w, trzy rewolwery, ok. stu naboi i jeden granat. Napastnik\u00f3w, jak si\u0119 p\u00f3\u017aniej okaza\u0142o, by\u0142o pi\u0119tnastu. Byli zaprawieni w boju, dobrze uzbrojeni i, co r\u00f3wnie wa\u017cne, syci. <\/p>\n<p style=\"text-align: justify\">Wywi\u0105za\u0142a si\u0119 walka. Sypa\u0142 si\u0119 grad kul. Od ognia zrobi\u0142o si\u0119 jasno jak w dzie\u0144. Napastnicy byli zdziwieni i krzyczeli: &#8220;\u017bydzi strzelaj\u0105! \u017bydzi strzelaj\u0105!&#8221;. By\u0142 to pierwszy przypadek w tej okolicy, \u017ce \u017bydzi stawiali op\u00f3r. <\/p>\n<p style=\"text-align: justify\">Kanonada trwa\u0142a ok. p\u00f3\u0142 godziny. Osaczonym wyczerpywa\u0142y si\u0119 zapasy amunicji, a ich koledzy, kt\u00f3rzy czekali na nich w lesie, nie mieli poj\u0119cia, \u017ce potrzebna by\u0142a ich pomoc. Broni\u0105cy obawiali si\u0119 tak\u017ce o gospodarza i jego zabudowania, bowiem napastnicy mogli si\u0119 na nim zem\u015bci\u0107. <\/p>\n<p style=\"text-align: justify\">W\u015br\u00f3d polskich partyzant\u00f3w by\u0142o czterech zabitych, a w\u015br\u00f3d \u017cydowskich tylko jeden ranny w nog\u0119, Idel Wolant. Ci ostatni zdobyli w walce cztery karabiny. <\/p>\n<p style=\"text-align: justify\">Czekali, a\u017c Polacy przyjd\u0105 po swoich zabitych. Po kilku minutach zobaczyli m\u0142odego ch\u0142opaka. Rozpoznali w nim jednego z napastnik\u00f3w. Ten, gdy si\u0119 zorientowa\u0142, \u017ce zosta\u0142 zdemaskowany, upad\u0142 na ziemi\u0119, z\u0142apa\u0142 ich za nogi i zacz\u0105\u0142 przysi\u0119ga\u0107 na honor Polaka, \u017ce, je\u015bli mu daruj\u0105 \u017cycie, nigdy ju\u017c nie zabij\u0105 \u017cadnego \u017byda. Uwierzyli mu i go pu\u015bcili. <\/p>\n<p style=\"text-align: justify\">Poszli w kierunku bunkra, w kt\u00f3rym ukrywa\u0142a si\u0119 rodzina Jakowa. Gdy byli ok. 1 km od tego miejsca, us\u0142yszeli okropne krzyki. Jakow rozpozna\u0142 te g\u0142osy od razu. To by\u0142a jego matka, brat, trzy siostry i siedmioletni siostrzeniec, kt\u00f3rych kto\u015b mordowa\u0142! To Polscy faszy\u015bci wyszli z ukrycia i dokonali na podw\u00f3rku okropnego zab\u00f3jstwa.<\/p>\n<div class=\"aligncenter\"><span class=\"shadow_frame\"><a rel=\"prettyPhoto\" href=\"https:\/\/www.lukow-historia.pl\/wp-content\/uploads\/2017\/02\/lukow-rodzina-keselbrener01.jpg\" title=\"\"><img class=\"framed\" src=\"https:\/\/www.lukow-historia.pl\/wp-content\/uploads\/2017\/02\/lukow-rodzina-keselbrener01.jpg\" title=\"\" alt=\"\" width=\"400\" height=\"500\" \/><\/a><img alt=\"\" src=\"https:\/\/www.lukow-historia.pl\/wp-content\/themes\/infocus\/images\/shortcodes\/image_shadow.png\" style=\"width:400px;\" class=\"image_shadow\"><\/span><\/div><p style=\"text-align: center\"><em>Keselbrenerowie przed wojn\u0105<br \/>\n(Fot. Archiwum prywatne Havy Dolev)<\/em><\/p>\n<p style=\"text-align: justify\">&#8220;Wydarzy\u0142o si\u0119 to w nocy 27 lutego 1944 r. Data ta na zawsze wyry\u0142a si\u0119 w mojej pami\u0119ci, a moje serce powiedzia\u0142o mi: Zemsta!&#8221;<\/p>\n<p style=\"text-align: right\"><em>\u0179r\u00f3d\u0142o: Le Livre de Lukow&#8230;, s. 130-134<\/em><\/p>\n<hr>\n<p style=\"text-align: justify\">Rodzina Keselbrener, to znaczy rodzice i 7 dzieci (3 synowie i cztery c\u00f3rki). To by\u0142o w 1929 roku w mie\u015bcie Kock, gdy si\u0119 spali\u0142 m\u0142yn, kt\u00f3ry posiadali\u015bmy. Przeprowadzka do miasta \u0141ukowa. Ojciec m\u00f3j, Lejb, kupi\u0142 przy ulicy Radzy\u0144skiej w \u0141ukowie drugi m\u0142yn, w okolicy polskiej. Warunki by\u0142y przyjacielskie. Ja osobi\u015bcie mia\u0142em tylko koleg\u00f3w Polak\u00f3w, jak na przyk\u0142ad Zbyszek Zn\u00f3j. Przed wojn\u0105 w \u0141ukowie [by\u0142] antysemityzm. By\u0142o 16 tysi\u0119cy mieszka\u0144c\u00f3w, 50% \u017byd\u00f3w. By\u0142o bardzo du\u017co b\u00f3\u017cnic \u017cydowskich, g\u0142\u00f3wna synagoga by\u0142a przy ulicy \u017cydowskiej. By\u0142y cztery szko\u0142y powszechne, jak na przyk\u0142ad Widziszkowic i kierownik pan Cetnarski. W tych szko\u0142ach \u017bydzi i Polacy uczyli si\u0119 razem. W gimnazjum przy ulicy doktora Ch\u0105ci\u0144skiego ko\u0142o ko\u015bcio\u0142a, do tego gimnazjum mog\u0142o si\u0119 dosta\u0107 tylko dw\u00f3ch \u017cydowskich student\u00f3w. Z wybuchem wojny \u015bwiatowej 1\/9\/1939 mi\u0119dzy \u017bydami i Polakami zmieni\u0142o si\u0119 radykalnie. Polacy zbli\u017cyli si\u0119 do Niemc\u00f3w w sprawie \u017cydowskiej. Pomagali w zag\u0142adzie \u017byd\u00f3w. Ja sam widzia\u0142em, jak wyprowadzili 600 \u017byd\u00f3w z placu przy zarz\u0105dzie miejskim, boso, bez obuwia, w zimie, na ulicy doktora Ch\u0105ci\u0144skiego, w kierunku cmentarza Malcan\u00f3w, a Polacy stali na chodniku i pluli na \u017byd\u00f3w prowadzonych na \u015bmier\u0107. Ja osobi\u015bcie to widzia\u0142em, bo by\u0142em schowany na strychu i przez dziur\u0119 wygl\u0105da\u0142em. <\/p>\n<div class=\"aligncenter\"><span class=\"shadow_frame\"><a rel=\"prettyPhoto\" href=\"https:\/\/www.lukow-historia.pl\/wp-content\/uploads\/2017\/02\/lukow-ksiazeczka-keselbrener.jpg\" title=\"\"><img class=\"framed\" src=\"https:\/\/www.lukow-historia.pl\/wp-content\/uploads\/2017\/02\/lukow-ksiazeczka-keselbrener.jpg\" title=\"\" alt=\"\" width=\"500\" height=\"350\" \/><\/a><img alt=\"\" src=\"https:\/\/www.lukow-historia.pl\/wp-content\/themes\/infocus\/images\/shortcodes\/image_shadow.png\" style=\"width:500px;\" class=\"image_shadow\"><\/span><\/div><p style=\"text-align: center\"><em>Przedwojenna ksi\u0105\u017ceczka wojskowa Jakowa (w\u00f3wczas Jankiela) Keselbrenera<br \/>\n(Archiwum prywatne Havy Dolev Keselbrener)<\/em><\/p>\n<p style=\"text-align: justify\">Getto \u017cydowskie by\u0142o od placu magistratu, prawa strona ulicy Jatkowej do ulicy Kana\u0142owej i p\u00f3\u0142 ulicy Kana\u0142owej. W tym getcie od listopada [1942] do maja 1943 by\u0142a likwidacja getta i setki \u017byd\u00f3w zabitych. Mog\u0119 za\u015bwiadczy\u0107, \u017ce w tym czasie Polacy \u0142apali \u017byd\u00f3w i prowadzili za kilo cukru do gestapo. Ja osobi\u015bcie wychodzi\u0142em z getta, \u017ceby przynie\u015b\u0107 troch\u0119 \u017cywno\u015bci dla rodziny. Raz zapomnia\u0142em zdj\u0105\u0107 opask\u0119 i 3 ch\u0142opc\u00f3w z\u0142apa\u0142o mnie, nagle przy \u015bwietle. Widzia\u0142em mego koleg\u0119 Zbyszka i powiedzia\u0142em: &#8220;Zbyszek, ty mnie prowadzisz na \u015bmier\u0107?&#8221;. On si\u0119 odwr\u00f3ci\u0142: &#8220;Oj, to przecie\u017c Jankiel, zostawcie go&#8221;.<\/p>\n<p style=\"text-align: justify\">Zlikwidowali getto 2\/5\/1943. Moja rodzina ten dzie\u0144 prze\u017cy\u0142a w piwnicy. W nocy poszed\u0142em zobaczy\u0107, czy nie znale\u017ali ich. Wyprowadzi\u0142em ich do zagajnika Przy\u015bwiderskiego, tam zostali\u015bmy przez 1 dzie\u0144. Przyszed\u0142 do nas s\u0105siad, \u017byd Szmuel ze wsi Dminin. Pyta\u0142, czy mamy troch\u0119 pieni\u0119dzy, to on nas zaprowadzi do znajomego Polaka ze wsi, got\u00f3w nas ukry\u0107. Ten pan zrobi\u0142 schron w oborze i tam ukrywali\u015bmy si\u0119 kilka miesi\u0119cy. Nie wolno by\u0142o, \u017ceby kto\u015b z s\u0105siad\u00f3w nas widzia\u0142. Ja w tym czasie mia\u0142em brata starszego ode mnie i gospodarz (&#8230;) chcia\u0142 nas do\u0142\u0105czy\u0107 do partyzant\u00f3w polskich. Wszystkie ulotki partyzant\u00f3w, kt\u00f3re otrzymywali przez radio angielskie, i ostatnia ulotka, kt\u00f3r\u0105 nam ja sam czyta\u0142em, [informowa\u0142y], \u017ce rz\u0105d polski w Londynie kaza\u0142 wyko\u0144czy\u0107 \u017byd\u00f3w z naszej okolicy. Zosta\u0142o wszystkiego oko\u0142o 40 \u017byd\u00f3w. Bolszewicy zbli\u017cali si\u0119 do granic polskich i nasz gospodarz (&#8230;) powiedzia\u0142, \u017ceby\u015bmy szukali innego miejsca, bo on si\u0119 obawia\u0142 nas trzyma\u0107. <\/p>\n<p style=\"text-align: justify\">W tym czasie odwiedzi\u0142o nas (&#8230;) dw\u00f3ch \u017byd\u00f3w z broni\u0105 i prosili\u015bmy ich, \u017ceby nam znale\u017ali inne miejsce. Wzi\u0119li mnie ze sob\u0105 szuka\u0107 miejsca. Ch\u0142opcy \u017cydowscy nazywali si\u0119 Mosze Wi\u015bnia i Josef \u015amietanka. [By\u0142o] to 25\/2\/1944 roku. Po dw\u00f3ch dniach przyszli\u015bmy do gospodarza [w Kownatkach] i, siedz\u0105c wieczorem w kuchni, zrobi\u0142o si\u0119 \u015bwiat\u0142o w oknach. By\u0142 to napad organizacji polskiej do wyko\u0144czenia \u017byd\u00f3w, co si\u0119 ukrywali. To by\u0142 pierwszy napad z broni\u0105, tylko Polacy nie wiedzieli, \u017ce \u017bydzi maj\u0105 bro\u0144. Zacz\u0119li strzela\u0107. Wi\u0119c nie by\u0142o rady, otworzyli\u015bmy drzwi z obory i koledzy \u017bydowie te\u017c zacz\u0119li strzela\u0107. Uda\u0142o im si\u0119 zabi\u0107 4 Polak\u00f3w. To byli akowcy. Jeden z naszych zosta\u0142 raniony, wi\u0119c poszli\u015bmy pom\u00f3c go obanda\u017cowa\u0107. Ja wzi\u0105\u0142em 2 karabiny od zabitych i chcia\u0142em lecie\u0107 wyj\u0105\u0107 rodzin\u0119, ale koledzy nie dali mi i\u015b\u0107 samemu. Jak obanda\u017cuje si\u0119 koleg\u0119, p\u00f3jd\u0105 wszyscy razem. Id\u0105c z rannym, spotkali\u015bmy dow\u00f3dc\u0119 tej grupy, co do nas strzelali. Ch\u0142opcy chcieli go zabi\u0107, to on powiedzia\u0142, \u017ce jak zostawimy go przy \u017cyciu, to on daje s\u0142owo honoru, \u017ce wi\u0119cej \u017byd\u00f3w nie b\u0119d\u0105 zabija\u0107. I my uwierzyli\u015bmy, ale 15 minut potem us\u0142ysza\u0142em krzyki mojej rodziny. Zabili ca\u0142\u0105 moj\u0105 rodzin\u0119, razem 8 os\u00f3b. To by\u0142o 27\/2\/1944 roku. <\/p>\n<p style=\"text-align: justify\">Po wyzwoleniu spotka\u0142em w \u0141ukowie dziewczyn\u0119, c\u00f3rk\u0119 (&#8230;) [gospodarza]. Pozna\u0142em, \u017ce ona nosi \u017cakiet mojej siostry Miriam. Powiedzia\u0142em dziewczynie, \u017ceby zdj\u0119\u0142a ten \u017cakiet, bo jest mojej siostry. Na \u017cakiecie by\u0142y 2 dziury i plamy krwi. Prosi\u0142em, \u017ceby kto\u015b z rodzic\u00f3w wyszed\u0142 do mnie, ale nikt nie wyszed\u0142. Ten \u017cakiet znajduje si\u0119 w muzeum tragedii \u017byd\u00f3w polskich w Jerozolimie. <\/p>\n<p style=\"text-align: justify\">Po wyzwoleniu przez Rosjan \u017byd, co wr\u00f3ci\u0142 do domu, gdzie si\u0119 urodzi\u0142, i dom zosta\u0142 ca\u0142y, nigdy nie wr\u00f3ci\u0142 stamt\u0105d [\u017cywy].<\/p>\n<div class=\"aligncenter\"><span class=\"shadow_frame\"><a rel=\"prettyPhoto\" href=\"https:\/\/www.lukow-historia.pl\/wp-content\/uploads\/2017\/02\/lukow-tymczasowe-zaswiadczenie-keselbrener01.jpg\" title=\"\"><img class=\"framed\" src=\"https:\/\/www.lukow-historia.pl\/wp-content\/uploads\/2017\/02\/lukow-tymczasowe-zaswiadczenie-keselbrener01.jpg\" title=\"\" alt=\"\" width=\"500\" height=\"350\" \/><\/a><img alt=\"\" src=\"https:\/\/www.lukow-historia.pl\/wp-content\/themes\/infocus\/images\/shortcodes\/image_shadow.png\" style=\"width:500px;\" class=\"image_shadow\"><\/span><\/div><p style=\"text-align: center\"><em>Powojenny dokument to\u017csamo\u015bci Jakowa (w\u00f3wczas Jankiela) Keselbrenera<br \/>\n(Archiwum prywatne Havy Dolev Keselbrener) <\/em><\/p>\n<p style=\"text-align: justify\">Zaraz po sko\u0144czeniu wojny, maj 1948 rok, opu\u015bci\u0142em Polsk\u0119 w drodze do Izraela. Moi koledzy Polacy, jak Zbyszek Zn\u00f3j i \u015awierczewski, radzili, \u017cebym wyjecha\u0142, bo nie b\u0119dzie spok\u00f3j, tylko niebezpiecznie.<\/p>\n<p style=\"text-align: right\"><i>\u0179r\u00f3d\u0142o: Zbiory Krzysztofa Czubaszka<br \/>\nPisownia oryginalna, z drobnymi korektami <\/i><\/p>\n<hr>\n<p style=\"text-align: justify\">Pierwsz\u0105 osob\u0105 z rodziny Jakowa Keselbrenera, kt\u00f3ra zgin\u0119\u0142a, by\u0142 jego brat Lejzor, kawaler, m\u0142ynarz. Zosta\u0142 on zastrzelony 12 maja 1942 r. w Siedlcach. Nast\u0119pny by\u0142 jego ojciec Lejb, syn Lejzora i Tauby, m\u0142ynarz, ur. w 1888 r. w Kocku, kt\u00f3ry zosta\u0142 deportowany z \u0141ukowa do Treblinki 5 pa\u017adziernika 1942 r. Matka Chawa Gitla, z domu Gryka, c\u00f3rka Josefa i Frajdy Lei, ur. w 1888 r. w Branicy, zamordowana zosta\u0142a 27 lutego 1944 r. w Dmininie. Wraz z ni\u0105 zgin\u0119\u0142o rodze\u0144stwo Jakowa: Rojza Kramarz, ur. w 1912 r.; jej synek Josef, ur. w 1937 r. (jej m\u0105\u017c Jankiel zgin\u0105\u0142 w 1942 r. w Treblince); Miriam, panna, ur. w 1920 r.; Ruchla, uczennica, ur. w 1927 r.; Herszel, m\u0142ynarz, ur. w 1916 r. (jego \u017cona Bracha zgin\u0119\u0142a w 1942 r. w Treblince). Razem z nimi zastrzelone zosta\u0142y jeszcze dwie osoby o nieustalonych nazwiskach \u2013 ojciec z c\u00f3rk\u0105. Masakry unikn\u0105\u0142 natomiast pewien ojciec z tr\u00f3jk\u0105 dzieci, kt\u00f3ry kilka dni wcze\u015bniej opu\u015bci\u0142 kryj\u00f3wk\u0119. Nazywa\u0142 si\u0119 Rozenblum. Prawdopodobnie by\u0142 to m\u0105\u017c czwartej siostry Jakowa, Rywki Rozenblum, kt\u00f3ra prze\u017cy\u0142a wojn\u0119. <\/p>\n<div class=\"aligncenter\"><span class=\"shadow_frame\"><a rel=\"prettyPhoto\" href=\"https:\/\/www.lukow-historia.pl\/wp-content\/uploads\/2017\/02\/lukow-rodzina-keselbrener02.jpg\" title=\"\"><img class=\"framed\" src=\"https:\/\/www.lukow-historia.pl\/wp-content\/uploads\/2017\/02\/lukow-rodzina-keselbrener02.jpg\" title=\"\" alt=\"\" width=\"500\" height=\"551\" \/><\/a><img alt=\"\" src=\"https:\/\/www.lukow-historia.pl\/wp-content\/themes\/infocus\/images\/shortcodes\/image_shadow.png\" style=\"width:500px;\" class=\"image_shadow\"><\/span><\/div><p style=\"text-align: center\"><em>Przedwojenne zdj\u0119cie rodziny Keselbrener\u00f3w.<br \/>\nStoj\u0105 od prawej: w pierwszym rz\u0119dzie &#8211; Jakow, jego ojciec Lejb, siostra Ruchla, matka Chawa Gitla, kuzyn (brak imienia i nazwiska) w drugim rz\u0119dzie &#8211; siostra Miriam, brat Lejzor, brat Herszel, siostra Rojza<br \/>\n(Fot. Archiwum prywatne Havy Dolev Keselbrener)<\/em><\/p>\n<p style=\"text-align: justify\">Jaki\u015b czas po tragedii, jaka spotka\u0142a rodzin\u0119 Jakowa Keselbrenera, uda\u0142 si\u0119 on do gospodarza, u kt\u00f3rego ukrywali si\u0119 jego bliscy, i dowiedzia\u0142 si\u0119, \u017ce pomordowani pochowani zostali w lesie. Odnalaz\u0142 to miejsce i w asy\u015bcie pi\u0119ciu policjant\u00f3w przewi\u00f3z\u0142 szcz\u0105tki na cmentarz ko\u0142o Malcanowa. Na grobie po\u0142o\u017cy\u0142 betonow\u0105 p\u0142yt\u0119, kt\u00f3r\u0105 p\u00f3\u017aniej zniszczyli Niemcy. W 1948 r. Jakow Keselbrener wyemigrowa\u0142 do Izraela, a gdy na pocz\u0105tku lat 70. po raz pierwszy przyjecha\u0142 do Polski, odbudowa\u0142 nagrobek. Odwiedza\u0142 p\u00f3\u017aniej to miejsce za ka\u017cdym razem, gdy wraca\u0142 do swego rodzinnego miasta. Zmar\u0142 w Izraelu 29 grudnia 2012 r. <\/p>\n<p style=\"text-align: right\">Uzupe\u0142nienie relacji \u2013 Archiwum Instytutu Jad wa-Szem w Jerozolimie,<br \/>\nrozmowa telefoniczna z Jakowem Keselbrenerem oraz relacja jego c\u00f3rki Havy Dolev<\/p>\n<div class=\"aligncenter\"><span class=\"shadow_frame\"><a rel=\"prettyPhoto\" href=\"https:\/\/www.lukow-historia.pl\/wp-content\/uploads\/2017\/02\/lukow-jakov-keselbrener.jpg\" title=\"\"><img class=\"framed\" src=\"https:\/\/www.lukow-historia.pl\/wp-content\/uploads\/2017\/02\/lukow-jakov-keselbrener.jpg\" title=\"\" alt=\"\" width=\"500\" height=\"310\" \/><\/a><img alt=\"\" src=\"https:\/\/www.lukow-historia.pl\/wp-content\/themes\/infocus\/images\/shortcodes\/image_shadow.png\" style=\"width:500px;\" class=\"image_shadow\"><\/span><\/div><p style=\"text-align: center\"><em>Jakow Keselbrener na zniszczonym grobie rodziny na kirkucie pod Malcanowem (1948 r.)<\/em><\/p>\n<div class=\"aligncenter\"><span class=\"shadow_frame\"><a rel=\"prettyPhoto\" href=\"https:\/\/www.lukow-historia.pl\/wp-content\/uploads\/2017\/03\/lukow-grob-keselbrener.jpg\" title=\"\"><img class=\"framed\" src=\"https:\/\/www.lukow-historia.pl\/wp-content\/uploads\/2017\/03\/lukow-grob-keselbrener.jpg\" title=\"\" alt=\"\" width=\"500\" height=\"326\" \/><\/a><img alt=\"\" src=\"https:\/\/www.lukow-historia.pl\/wp-content\/themes\/infocus\/images\/shortcodes\/image_shadow.png\" style=\"width:500px;\" class=\"image_shadow\"><\/span><\/div><p style=\"text-align: center\"><em>Odbudowany nagrobek rodziny Keselbrener\u00f3w w Lesie Malcanowskim (pocz\u0105tek lat 70.)<br \/>\n(Fot. Archiwum prywatne Havy Dolev Keselbrener)<\/em><\/p>\n<div class=\"aligncenter\"><span class=\"shadow_frame\"><a rel=\"prettyPhoto\" href=\"https:\/\/www.lukow-historia.pl\/wp-content\/uploads\/2017\/03\/lukow-grob-keselbrener01.jpg\" title=\"\"><img class=\"framed\" src=\"https:\/\/www.lukow-historia.pl\/wp-content\/uploads\/2017\/03\/lukow-grob-keselbrener01.jpg\" title=\"\" alt=\"\" width=\"500\" height=\"536\" \/><\/a><img alt=\"\" src=\"https:\/\/www.lukow-historia.pl\/wp-content\/themes\/infocus\/images\/shortcodes\/image_shadow.png\" style=\"width:500px;\" class=\"image_shadow\"><\/span><\/div><div class=\"aligncenter\"><span class=\"shadow_frame\"><a rel=\"prettyPhoto\" href=\"https:\/\/www.lukow-historia.pl\/wp-content\/uploads\/2017\/03\/lukow-grob-keselbrener02.jpg\" title=\"\"><img class=\"framed\" src=\"https:\/\/www.lukow-historia.pl\/wp-content\/uploads\/2017\/03\/lukow-grob-keselbrener02.jpg\" title=\"\" alt=\"\" width=\"500\" height=\"531\" \/><\/a><img alt=\"\" src=\"https:\/\/www.lukow-historia.pl\/wp-content\/themes\/infocus\/images\/shortcodes\/image_shadow.png\" style=\"width:500px;\" class=\"image_shadow\"><\/span><\/div><div class=\"aligncenter\"><span class=\"shadow_frame\"><a rel=\"prettyPhoto\" href=\"https:\/\/www.lukow-historia.pl\/wp-content\/uploads\/2017\/03\/lukow-grob-keselbrener03.jpg\" title=\"\"><img class=\"framed\" src=\"https:\/\/www.lukow-historia.pl\/wp-content\/uploads\/2017\/03\/lukow-grob-keselbrener03.jpg\" title=\"\" alt=\"\" width=\"500\" height=\"209\" \/><\/a><img alt=\"\" src=\"https:\/\/www.lukow-historia.pl\/wp-content\/themes\/infocus\/images\/shortcodes\/image_shadow.png\" style=\"width:500px;\" class=\"image_shadow\"><\/span><\/div><p style=\"text-align: center\"><em>Gr\u00f3b rodziny Keselbrener\u00f3w w Lesie Malcanowskim (2014 r.)<br \/>\n(Fot. Krzysztof Czubaszek)<\/em><\/p>\n<div class=\"aligncenter\"><span class=\"shadow_frame\"><a rel=\"prettyPhoto\" href=\"https:\/\/www.lukow-historia.pl\/wp-content\/uploads\/2017\/04\/lukow-jakow-przed-domem.jpg\" title=\"\"><img class=\"framed\" src=\"https:\/\/www.lukow-historia.pl\/wp-content\/uploads\/2017\/04\/lukow-jakow-przed-domem.jpg\" title=\"\" alt=\"\" width=\"500\" height=\"356\" \/><\/a><img alt=\"\" src=\"https:\/\/www.lukow-historia.pl\/wp-content\/themes\/infocus\/images\/shortcodes\/image_shadow.png\" style=\"width:500px;\" class=\"image_shadow\"><\/span><\/div><p style=\"text-align: center\">Jakow Keselbrener w \u0141ukowie przed domem, obok kt\u00f3rego sta\u0142 nale\u017c\u0105cy do jego rodziny m\u0142yn (ok. 2004 r.)<br \/>\n(Fot. Archiwum prywatne Havy Dolev Keselbrener)<\/p>\n<div class=\"aligncenter\"><span class=\"shadow_frame\"><a rel=\"prettyPhoto\" href=\"https:\/\/www.lukow-historia.pl\/wp-content\/uploads\/2017\/04\/lukow-wnuczeta-kaselbrener.jpg\" title=\"\"><img class=\"framed\" src=\"https:\/\/www.lukow-historia.pl\/wp-content\/uploads\/2017\/04\/lukow-wnuczeta-kaselbrener.jpg\" title=\"\" alt=\"\" width=\"500\" height=\"339\" \/><\/a><img alt=\"\" src=\"https:\/\/www.lukow-historia.pl\/wp-content\/themes\/infocus\/images\/shortcodes\/image_shadow.png\" style=\"width:500px;\" class=\"image_shadow\"><\/span><\/div><p style=\"text-align: center\">Wnucz\u0119ta Jakowa Keselbrenera na grobie swych pomordowanych przodk\u00f3w (2015 r.)<br \/>\n(Fot. Archiwum prywatne Anat Peleg)<\/p>\n<div class=\"aligncenter\"><span class=\"shadow_frame\"><a rel=\"prettyPhoto\" href=\"https:\/\/www.lukow-historia.pl\/wp-content\/uploads\/2017\/04\/pola_keselbrener.jpg\" title=\"\"><img class=\"framed\" src=\"https:\/\/www.lukow-historia.pl\/wp-content\/uploads\/2017\/04\/pola_keselbrener.jpg\" title=\"\" alt=\"\" width=\"500\" height=\"234\" \/><\/a><img alt=\"\" src=\"https:\/\/www.lukow-historia.pl\/wp-content\/themes\/infocus\/images\/shortcodes\/image_shadow.png\" style=\"width:500px;\" class=\"image_shadow\"><\/span><\/div><p style=\"text-align: center\">Pola Keselbrener, \u017cona Jakowa, w ich mieszkaniu w Tel Awiwie.<br \/>\nNa \u015bcianie odznaczenia Jakowa i artyku\u0142 w izraelskiej gazecie o tragedii jego rodziny (2016 r.)<br \/>\n(fot. Krzysztof Czubaszek)<\/p>\n<p><em>Autor: Krzysztof Czubaszek<br \/>\n\u0179r\u00f3d\u0142o: Serwis www.zydzi.lukow.pl<\/em><\/p>\n","protected":false},"excerpt":{"rendered":"<p>Mi\u0119dzy heroizmem i eksterminacj\u0105. (streszczenie) 2 maja 1943 r. nast\u0105pi\u0142a ostateczna likwidacja \u017cydowskiego \u017cycia w \u0141ukowie. Jakow ukrywa\u0142 si\u0119 w bunkrze z bratem Herszelem, Aronem Erlichem i Abrahamem Wi\u015bni\u0105. Wyszed\u0142 z nimi, gdy by\u0142o ju\u017c po wszystkim. Na ulicach le\u017ca\u0142y trupy. Jedyne cienie, jakie snu\u0142y si\u0119 po mie\u015bcie, to byli Polacy pl\u0105druj\u0105cy opuszczone \u017cydowskie domy. Getta pilnowa\u0142a polska policja, kt\u00f3ra &#8230;<\/p>\n","protected":false},"author":1,"featured_media":5522,"comment_status":"open","ping_status":"open","sticky":false,"template":"","format":"standard","meta":[],"categories":[29,30],"tags":[37,1523,42,1783,1784,1775,1780,499,1785,1772,1778,1777,1786,1768,1773,1776,1524,72,1369,1771,1787,1774,1779,1769,1788,1767,1781,1770,1782,145,1289,44,1368,31],"_links":{"self":[{"href":"https:\/\/www.lukow-historia.pl\/index.php?rest_route=\/wp\/v2\/posts\/4060"}],"collection":[{"href":"https:\/\/www.lukow-historia.pl\/index.php?rest_route=\/wp\/v2\/posts"}],"about":[{"href":"https:\/\/www.lukow-historia.pl\/index.php?rest_route=\/wp\/v2\/types\/post"}],"author":[{"embeddable":true,"href":"https:\/\/www.lukow-historia.pl\/index.php?rest_route=\/wp\/v2\/users\/1"}],"replies":[{"embeddable":true,"href":"https:\/\/www.lukow-historia.pl\/index.php?rest_route=%2Fwp%2Fv2%2Fcomments&post=4060"}],"version-history":[{"count":24,"href":"https:\/\/www.lukow-historia.pl\/index.php?rest_route=\/wp\/v2\/posts\/4060\/revisions"}],"predecessor-version":[{"id":5379,"href":"https:\/\/www.lukow-historia.pl\/index.php?rest_route=\/wp\/v2\/posts\/4060\/revisions\/5379"}],"wp:featuredmedia":[{"embeddable":true,"href":"https:\/\/www.lukow-historia.pl\/index.php?rest_route=\/wp\/v2\/media\/5522"}],"wp:attachment":[{"href":"https:\/\/www.lukow-historia.pl\/index.php?rest_route=%2Fwp%2Fv2%2Fmedia&parent=4060"}],"wp:term":[{"taxonomy":"category","embeddable":true,"href":"https:\/\/www.lukow-historia.pl\/index.php?rest_route=%2Fwp%2Fv2%2Fcategories&post=4060"},{"taxonomy":"post_tag","embeddable":true,"href":"https:\/\/www.lukow-historia.pl\/index.php?rest_route=%2Fwp%2Fv2%2Ftags&post=4060"}],"curies":[{"name":"wp","href":"https:\/\/api.w.org\/{rel}","templated":true}]}}