{"id":4314,"date":"2015-10-22T09:47:37","date_gmt":"2015-10-22T07:47:37","guid":{"rendered":"http:\/\/www.lukow-historia.pl\/?p=4314"},"modified":"2021-10-08T16:17:48","modified_gmt":"2021-10-08T14:17:48","slug":"niechlubna-lista","status":"publish","type":"post","link":"https:\/\/www.lukow-historia.pl\/?p=4314","title":{"rendered":"Niechlubna lista"},"content":{"rendered":"<p style=\"text-align: justify\">Lista szef\u00f3w i ich zast\u0119pc\u00f3w <strong>Powiatowego Urz\u0119du Bezpiecze\u0144stwa Publicznego w \u0141ukowie<\/strong> ( lista wed\u0142ug <a href=\"http:\/\/ipn.gov.pl\/\" target=\"_blank\" rel=\"noopener\">Instytutu Pami\u0119ci Narodowej<\/a> ). \u017baden z nich nie poni\u00f3s\u0142 odpowiedzialno\u015bci za pope\u0142nione zbrodnie. Wielu z nich awansowano i delegowano do wy\u017cszych struktur UB i SB.<\/p>\n<p style=\"text-align: justify\">Cz\u0119st\u0105 praktyk\u0105 stosowan\u0105 przez oprawc\u00f3w z \u0141ukowskiego PUBP, by\u0142o wystawianie w bramie urz\u0119du, zw\u0142ok pomordowanych przez nich oficer\u00f3w i \u017co\u0142nierzy podziemia, w celu &#8220;identyfikacji&#8221; przez mieszka\u0144c\u00f3w \u0141ukowa. Po czym cia\u0142a grzebano, prawdopodobnie na terenie PUBP lub miejskim cmentarzu. Do dzisiaj nie s\u0105 znane miejsca poch\u00f3wk\u00f3w \u017co\u0142nierzy podziemia.<\/p>\n<hr>\n<a rel=\"prettyPhoto\" href=\"https:\/\/www.lukow-historia.pl\/wp-content\/uploads\/2021\/10\/pubp.jpg\" title=\"\"><img class=\"framed aligncenter\" src=\"https:\/\/www.lukow-historia.pl\/wp-content\/uploads\/2021\/10\/pubp.jpg\" title=\"\" alt=\"\" width=\"500\" height=\"231\" \/><\/a><p><center><i>Piecz\u0119\u0107 PUBP w \u0141ukowie. Podpis na dokumencie ze stycznia 1947 r. z\u0142o\u017cy\u0142 ppor. Niemczuk Jan.<\/i><\/center><\/p>\n<hr>\n<p><center><\/p>\n<h3> PUBP\/PUds.BP w \u0141ukowie<\/h3>\n<p><\/center><br \/>\n<center><\/p>\n<h6>kierownicy \/ szefowie<\/h6>\n<p><\/center><\/p>\n<table>\n<tbody>\n<tr bgcolor=\"EBF8FC\">\n<td>Nazwisko i imi\u0119<\/td>\n<td>Imi\u0119 ojca<\/td>\n<td>Stopie\u0144 s\u0142u\u017cbowy<\/td>\n<td>Czas pe\u0142nienia funkcji<\/td>\n<\/tr>\n<tr>\n<td>Czubi\u0144ski Stefan<\/td>\n<td>Ludwik<\/td>\n<td>ppor. \/ por.<\/td>\n<td>1 VI 1952 &#8211; 14 II 1953<\/td>\n<\/tr>\n<tr>\n<td>Godlewski Edmund<\/td>\n<td>W\u0142adys\u0142aw<\/td>\n<td>ppor. \/ por.<\/td>\n<td>20 IV 1947 &#8211; 31 XII 1949<\/td>\n<\/tr>\n<tr>\n<td>Jab\u0142o\u0144ski Kazimierz<\/td>\n<td>Jan<\/td>\n<td>sier\u017c.<\/td>\n<td>22 IX &#8211; 12 XI 1944<\/td>\n<\/tr>\n<tr>\n<td>Kaczmarczyk Tadeusz<\/td>\n<td>&#8212;<\/td>\n<td>por.<\/td>\n<td>1951<\/td>\n<\/tr>\n<tr>\n<td>Mozgawa Marian<\/td>\n<td>Jan<\/td>\n<td>kpt.<\/td>\n<td>15 II 1953 &#8211; 30 IX 1954<\/td>\n<\/tr>\n<tr>\n<td>Niemczuk Jan<\/td>\n<td>Antoni<\/td>\n<td>ppor.<\/td>\n<td>p.o. 10 VII 1946 &#8211; 20 IV 1947<\/td>\n<\/tr>\n<tr>\n<td>Pietruszy\u0144ski Stefan<\/td>\n<td>Hipolit<\/td>\n<td>ppor.<\/td>\n<td>20 II &#8211; 20 VIII 1945<\/td>\n<\/tr>\n<tr>\n<td>Stroce\u0144 J\u00f3zef<\/td>\n<td>Miko\u0142aj<\/td>\n<td>por.<\/td>\n<td>1 I 1950 &#8211; 12 VI 1951<\/td>\n<\/tr>\n<tr>\n<td>Wojtas Hipolit<\/td>\n<td>Andrzej<\/td>\n<td>chor.<\/td>\n<td>p.o. 20 VIII 1945 &#8211; 24 I 1946<\/td>\n<\/tr>\n<tr>\n<td>Wo\u017aniczka W\u0142adys\u0142aw<\/td>\n<td>Jan<\/td>\n<td>&#8212;<\/td>\n<td>11 XI 1944 &#8211; 20 II 1945<\/td>\n<\/tr>\n<tr>\n<td>W\u00f3jtowicz Marian<\/td>\n<td>Stanis\u0142aw<\/td>\n<td>por.<\/td>\n<td>30 IX 1954 &#8211; 31 XII 1956<\/td>\n<\/tr>\n<tr>\n<td>Zawadzki Feliks<\/td>\n<td>Franciszek<\/td>\n<td>chor. \/ ppor.<\/td>\n<td>25 II &#8211; 20 VI 1946<\/td>\n<\/tr>\n<\/tbody>\n<\/table>\n<p><center><\/p>\n<h6>zast\u0119pcy kierownik\u00f3w \/ szef\u00f3w<\/h6>\n<p><\/center><\/p>\n<table>\n<tbody>\n<tr bgcolor=\"EBF8FC\">\n<td>Nazwisko i imi\u0119<\/td>\n<td>Imi\u0119 ojca<\/td>\n<td>Stopie\u0144 s\u0142u\u017cbowy<\/td>\n<td>Czas pe\u0142nienia funkcji<\/td>\n<\/tr>\n<tr>\n<td>Bekulard Marian<\/td>\n<td>Lucjan<\/td>\n<td>ppor.<\/td>\n<td>1 IX 1953 &#8211; 31 III 1955<\/td>\n<\/tr>\n<tr>\n<td>Czubi\u0144ski Stefan<\/td>\n<td>Ludwik<\/td>\n<td>ppor.<\/td>\n<td>1 IX 1951 &#8211; 31 IV 1952<\/td>\n<\/tr>\n<tr>\n<td>Gucik Czes\u0142aw<\/td>\n<td>Stanis\u0142aw<\/td>\n<td>por.<\/td>\n<td>1 XII 1955 &#8211; 31 XII 1956<\/td>\n<\/tr>\n<tr>\n<td>Kici\u0144ski Micha\u0142<\/td>\n<td>&#8212;<\/td>\n<td>&#8212;<\/td>\n<td>&#8211; XI 1944<\/td>\n<\/tr>\n<tr>\n<td>P\u0142udowski Franciszek<\/td>\n<td>Aleksander<\/td>\n<td>ppor. \/ por.<\/td>\n<td>V 1945 &#8211; 25 IV 1946<\/td>\n<\/tr>\n<tr>\n<td>Saczewa Serafin<\/td>\n<td>Dymitr<\/td>\n<td>por.<\/td>\n<td>20 IV &#8211; 1 V 1945<\/td>\n<\/tr>\n<tr>\n<td>Sykut Stefan<\/td>\n<td>Jakub<\/td>\n<td>sier\u017c. \/ chor.<\/td>\n<td>1 III 1950 &#8211; 31 VIII 1951<\/td>\n<\/tr>\n<tr>\n<td>\u015amiechowski Ignacy<\/td>\n<td>Antoni<\/td>\n<td>chor. \/ ppor.<\/td>\n<td>1 V 1952 &#8211; 14 VII 1953<\/td>\n<\/tr>\n<\/tbody>\n<\/table>\n<p><em>Autor Fotografii nag\u0142\u00f3wka: Kamil Olszowy<\/em><\/p>\n","protected":false},"excerpt":{"rendered":"<p>Lista szef\u00f3w i ich zast\u0119pc\u00f3w Powiatowego Urz\u0119du Bezpiecze\u0144stwa Publicznego w \u0141ukowie ( lista wed\u0142ug Instytutu Pami\u0119ci Narodowej ). \u017baden z nich nie poni\u00f3s\u0142 odpowiedzialno\u015bci za pope\u0142nione zbrodnie. Wielu z nich awansowano i delegowano do wy\u017cszych struktur UB i SB. Cz\u0119st\u0105 praktyk\u0105 stosowan\u0105 przez oprawc\u00f3w z \u0141ukowskiego PUBP, by\u0142o wystawianie w bramie urz\u0119du, zw\u0142ok pomordowanych przez nich oficer\u00f3w i \u017co\u0142nierzy podziemia, &#8230;<\/p>\n","protected":false},"author":1,"featured_media":4316,"comment_status":"open","ping_status":"open","sticky":false,"template":"","format":"standard","meta":[],"categories":[30],"tags":[42,385,60,1444,602,659,1443,352,565,1375,268,1455,1442,1445,1456,1441,1446,1447,1457,1448,1449,1450,1458,1234,1459,1461,1451,1460,59,1452,1453,1454],"_links":{"self":[{"href":"https:\/\/www.lukow-historia.pl\/index.php?rest_route=\/wp\/v2\/posts\/4314"}],"collection":[{"href":"https:\/\/www.lukow-historia.pl\/index.php?rest_route=\/wp\/v2\/posts"}],"about":[{"href":"https:\/\/www.lukow-historia.pl\/index.php?rest_route=\/wp\/v2\/types\/post"}],"author":[{"embeddable":true,"href":"https:\/\/www.lukow-historia.pl\/index.php?rest_route=\/wp\/v2\/users\/1"}],"replies":[{"embeddable":true,"href":"https:\/\/www.lukow-historia.pl\/index.php?rest_route=%2Fwp%2Fv2%2Fcomments&post=4314"}],"version-history":[{"count":28,"href":"https:\/\/www.lukow-historia.pl\/index.php?rest_route=\/wp\/v2\/posts\/4314\/revisions"}],"predecessor-version":[{"id":7489,"href":"https:\/\/www.lukow-historia.pl\/index.php?rest_route=\/wp\/v2\/posts\/4314\/revisions\/7489"}],"wp:featuredmedia":[{"embeddable":true,"href":"https:\/\/www.lukow-historia.pl\/index.php?rest_route=\/wp\/v2\/media\/4316"}],"wp:attachment":[{"href":"https:\/\/www.lukow-historia.pl\/index.php?rest_route=%2Fwp%2Fv2%2Fmedia&parent=4314"}],"wp:term":[{"taxonomy":"category","embeddable":true,"href":"https:\/\/www.lukow-historia.pl\/index.php?rest_route=%2Fwp%2Fv2%2Fcategories&post=4314"},{"taxonomy":"post_tag","embeddable":true,"href":"https:\/\/www.lukow-historia.pl\/index.php?rest_route=%2Fwp%2Fv2%2Ftags&post=4314"}],"curies":[{"name":"wp","href":"https:\/\/api.w.org\/{rel}","templated":true}]}}