{"id":4439,"date":"2016-01-04T19:34:41","date_gmt":"2016-01-04T17:34:41","guid":{"rendered":"http:\/\/www.lukow-historia.pl\/?p=4439"},"modified":"2016-01-04T19:34:42","modified_gmt":"2016-01-04T17:34:42","slug":"wystawa-w-lukowie","status":"publish","type":"post","link":"https:\/\/www.lukow-historia.pl\/?p=4439","title":{"rendered":"Wystawa w \u0141ukowie"},"content":{"rendered":"<p style=\"text-align: justify\">W \u0141ukowie, w ziemi siedleckiej, staraniem miejscowego Tow. rolniczego otwarta zosta\u0142a kilkudniowa bardzo interesuj\u0105ca wystawa rolniczo-przemys\u0142owa na powiaty: \u0142ukowski, garwoli\u0144ski i radzy\u0144ski. Wyr\u00f3\u017cnia\u0142y si\u0119 dzia\u0142y: hodowlany i rzemie\u015blniczo-ludowy (samodzia\u0142y, kilimy, hafty). \u015awietlica Ziemianek zgromadzi\u0142a wyroby z rafii, sznurka i guziki, wykonane przez wychowa\u0144c\u00f3w Ochronek Ko\u0142a Ziemianek, tudzie\u017c wyroby w\u0142o\u015bcia\u0144skie z drzewa. Wystawa \u015bwiadczy\u0142a o znacznych post\u0119pach rolnictwa w ziemi siedleckiej.<\/p>\n<p><em>\u0179r\u00f3d\u0142o: Dodatek ilustrowany do pisma &#8220;\u015awiat&#8221; (nr 41), 1908 r.<\/em><\/p>\n<hr>\n<a rel=\"prettyPhoto\" href=\"https:\/\/www.lukow-historia.pl\/wp-content\/uploads\/2015\/12\/lukow-wystawa-1908-01.jpg\" title=\"\"><img class=\"framed aligncenter\" src=\"https:\/\/www.lukow-historia.pl\/wp-content\/uploads\/2015\/12\/lukow-wystawa-1908-01.jpg\" title=\"\" alt=\"\" width=\"500\" height=\"330\" \/><\/a><p style=\"text-align: center\"><em>Stoisko Ko\u0142a Ziemianek.<\/em><\/p>\n<hr>\n<a rel=\"prettyPhoto\" href=\"https:\/\/www.lukow-historia.pl\/wp-content\/uploads\/2015\/12\/lukow-wystawa-1908-02.jpg\" title=\"\"><img class=\"framed aligncenter\" src=\"https:\/\/www.lukow-historia.pl\/wp-content\/uploads\/2015\/12\/lukow-wystawa-1908-02.jpg\" title=\"\" alt=\"\" width=\"500\" height=\"316\" \/><\/a><p style=\"text-align: center\"><em>Stoisko Stajni Osmolice Ks. Czartoryskich.<\/em><\/p>\n<hr>\n<a rel=\"prettyPhoto\" href=\"https:\/\/www.lukow-historia.pl\/wp-content\/uploads\/2015\/12\/lukow-wystawa-1908-03.jpg\" title=\"\"><img class=\"framed aligncenter\" src=\"https:\/\/www.lukow-historia.pl\/wp-content\/uploads\/2015\/12\/lukow-wystawa-1908-03.jpg\" title=\"\" alt=\"\" width=\"500\" height=\"319\" \/><\/a><p style=\"text-align: center\"><em>Pawilon M. Kami\u0144ski i J. Hajek..<\/em><\/p>\n<hr>\n<a rel=\"prettyPhoto\" href=\"https:\/\/www.lukow-historia.pl\/wp-content\/uploads\/2015\/12\/lukow-wystawa-1908-04.jpg\" title=\"\"><img class=\"framed aligncenter\" src=\"https:\/\/www.lukow-historia.pl\/wp-content\/uploads\/2015\/12\/lukow-wystawa-1908-04.jpg\" title=\"\" alt=\"\" width=\"500\" height=\"320\" \/><\/a><p style=\"text-align: center\"><em>Obora Holenderska &#8211; Jeleniec.<\/em><\/p>\n<hr>\n<a rel=\"prettyPhoto\" href=\"https:\/\/www.lukow-historia.pl\/wp-content\/uploads\/2015\/12\/lukow-wystawa-1908.jpg\" title=\"\"><img class=\"framed aligncenter\" src=\"https:\/\/www.lukow-historia.pl\/wp-content\/uploads\/2015\/12\/lukow-wystawa-1908.jpg\" title=\"\" alt=\"\" width=\"500\" height=\"357\" \/><\/a><p style=\"text-align: center\"><em>Stoisko &#8220;Ko\u0142a Ziemianek&#8221;.<\/em><\/p>\n<hr>\n","protected":false},"excerpt":{"rendered":"<p>W \u0141ukowie, w ziemi siedleckiej, staraniem miejscowego Tow. rolniczego otwarta zosta\u0142a kilkudniowa bardzo interesuj\u0105ca wystawa rolniczo-przemys\u0142owa na powiaty: \u0142ukowski, garwoli\u0144ski i radzy\u0144ski. Wyr\u00f3\u017cnia\u0142y si\u0119 dzia\u0142y: hodowlany i rzemie\u015blniczo-ludowy (samodzia\u0142y, kilimy, hafty). \u015awietlica Ziemianek zgromadzi\u0142a wyroby z rafii, sznurka i guziki, wykonane przez wychowa\u0144c\u00f3w Ochronek Ko\u0142a Ziemianek, tudzie\u017c wyroby w\u0142o\u015bcia\u0144skie z drzewa. Wystawa \u015bwiadczy\u0142a o znacznych post\u0119pach rolnictwa w ziemi siedleckiej. &#8230;<\/p>\n","protected":false},"author":1,"featured_media":4494,"comment_status":"open","ping_status":"open","sticky":false,"template":"","format":"standard","meta":[],"categories":[30],"tags":[562,1520,577,1521,1438],"_links":{"self":[{"href":"https:\/\/www.lukow-historia.pl\/index.php?rest_route=\/wp\/v2\/posts\/4439"}],"collection":[{"href":"https:\/\/www.lukow-historia.pl\/index.php?rest_route=\/wp\/v2\/posts"}],"about":[{"href":"https:\/\/www.lukow-historia.pl\/index.php?rest_route=\/wp\/v2\/types\/post"}],"author":[{"embeddable":true,"href":"https:\/\/www.lukow-historia.pl\/index.php?rest_route=\/wp\/v2\/users\/1"}],"replies":[{"embeddable":true,"href":"https:\/\/www.lukow-historia.pl\/index.php?rest_route=%2Fwp%2Fv2%2Fcomments&post=4439"}],"version-history":[{"count":9,"href":"https:\/\/www.lukow-historia.pl\/index.php?rest_route=\/wp\/v2\/posts\/4439\/revisions"}],"predecessor-version":[{"id":4530,"href":"https:\/\/www.lukow-historia.pl\/index.php?rest_route=\/wp\/v2\/posts\/4439\/revisions\/4530"}],"wp:featuredmedia":[{"embeddable":true,"href":"https:\/\/www.lukow-historia.pl\/index.php?rest_route=\/wp\/v2\/media\/4494"}],"wp:attachment":[{"href":"https:\/\/www.lukow-historia.pl\/index.php?rest_route=%2Fwp%2Fv2%2Fmedia&parent=4439"}],"wp:term":[{"taxonomy":"category","embeddable":true,"href":"https:\/\/www.lukow-historia.pl\/index.php?rest_route=%2Fwp%2Fv2%2Fcategories&post=4439"},{"taxonomy":"post_tag","embeddable":true,"href":"https:\/\/www.lukow-historia.pl\/index.php?rest_route=%2Fwp%2Fv2%2Ftags&post=4439"}],"curies":[{"name":"wp","href":"https:\/\/api.w.org\/{rel}","templated":true}]}}