{"id":4773,"date":"2016-04-27T20:41:09","date_gmt":"2016-04-27T18:41:09","guid":{"rendered":"http:\/\/www.lukow-historia.pl\/?p=4773"},"modified":"2016-04-27T20:41:09","modified_gmt":"2016-04-27T18:41:09","slug":"mieszkancy-lapiguza","status":"publish","type":"post","link":"https:\/\/www.lukow-historia.pl\/?p=4773","title":{"rendered":"Mieszka\u0144cy \u0141apiguza"},"content":{"rendered":"<p style=\"text-align: justify\">Severin Worm-Petersen (1857 &#8211; 1933) by\u0142 prekursorem Norweskiej fotografii. Uda\u0142o mu si\u0119 utrwali\u0107 wiele kluczowych wydarze\u0144 z historii swojego kraju, interesowa\u0142 si\u0119 r\u00f3wnie\u017c fotografi\u0105 typ\u00f3w ludzkich.<\/p>\n<p><img decoding=\"async\" loading=\"lazy\" src=\"https:\/\/www.lukow-historia.pl\/wp-content\/uploads\/2016\/04\/Severin-Worm-Petersen-216x300.jpg\" alt=\"Severin-Worm-Petersen\" width=\"216\" height=\"300\" class=\"aligncenter size-medium wp-image-4779\" srcset=\"https:\/\/www.lukow-historia.pl\/wp-content\/uploads\/2016\/04\/Severin-Worm-Petersen-216x300.jpg 216w, https:\/\/www.lukow-historia.pl\/wp-content\/uploads\/2016\/04\/Severin-Worm-Petersen.jpg 577w\" sizes=\"(max-width: 216px) 100vw, 216px\" \/><\/p>\n<p style=\"text-align: center\"><em>Severin Worm-Petersen.<br \/>\nFotografia wykonana w atelier Ludwika Szacinskisa w 1899 r.<\/em><\/p>\n<p style=\"text-align: justify\">Dzi\u0119ki swojej pasji du\u017co podr\u00f3\u017cowa\u0142. Mi\u0119dzy innymi wraz z niemieckimi \u017co\u0142nierzami w 1916 roku zaw\u0119drowa\u0142 na front wschodni I wojny \u015bwiatowej. Wykona\u0142 tam wiele zdj\u0119\u0107 scen frontowych, jak i mieszka\u0144c\u00f3w tych teren\u00f3w. Fotografowa\u0142 mieszka\u0144c\u00f3w Modlina, Ostrowa, Garwolina. W zwi\u0105zku z tym, \u017ce podr\u00f3\u017cowa\u0142 wraz z wojskiem, znalaz\u0142 si\u0119 w \u0141ukowskich koszarach na \u0141apiguzie. <\/p>\n<p style=\"text-align: justify\">Dzi\u0119ki Norsk Teknisk Museum prezentujemy niepowtarzalne fotografie mieszka\u0144c\u00f3w \u0141apiguza wykonane w 1916 r.<\/p>\n<a rel=\"prettyPhoto\" href=\"https:\/\/www.lukow-historia.pl\/wp-content\/uploads\/2016\/04\/lukow-lapiguz-mieszkancy01.jpg\" title=\"\"><img class=\"framed aligncenter\" src=\"https:\/\/www.lukow-historia.pl\/wp-content\/uploads\/2016\/04\/lukow-lapiguz-mieszkancy01.jpg\" title=\"\" alt=\"\" width=\"500\" height=\"327\" \/><\/a><a rel=\"prettyPhoto\" href=\"https:\/\/www.lukow-historia.pl\/wp-content\/uploads\/2016\/04\/lukow-lapiguz-mieszkancy02.jpg\" title=\"\"><img class=\"framed aligncenter\" src=\"https:\/\/www.lukow-historia.pl\/wp-content\/uploads\/2016\/04\/lukow-lapiguz-mieszkancy02.jpg\" title=\"\" alt=\"\" width=\"500\" height=\"242\" \/><\/a><a rel=\"prettyPhoto\" href=\"https:\/\/www.lukow-historia.pl\/wp-content\/uploads\/2016\/04\/lukow-lapiguz-mieszkancy03.jpg\" title=\"\"><img class=\"framed aligncenter\" src=\"https:\/\/www.lukow-historia.pl\/wp-content\/uploads\/2016\/04\/lukow-lapiguz-mieszkancy03.jpg\" title=\"\" alt=\"\" width=\"500\" height=\"341\" \/><\/a><a rel=\"prettyPhoto\" href=\"https:\/\/www.lukow-historia.pl\/wp-content\/uploads\/2016\/04\/lukow-lapiguz-mieszkancy04.jpg\" title=\"\"><img class=\"framed aligncenter\" src=\"https:\/\/www.lukow-historia.pl\/wp-content\/uploads\/2016\/04\/lukow-lapiguz-mieszkancy04.jpg\" title=\"\" alt=\"\" width=\"500\" height=\"343\" \/><\/a><a rel=\"prettyPhoto\" href=\"https:\/\/www.lukow-historia.pl\/wp-content\/uploads\/2016\/04\/lukow-lapiguz-mieszkancy05.jpg\" title=\"\"><img class=\"framed aligncenter\" src=\"https:\/\/www.lukow-historia.pl\/wp-content\/uploads\/2016\/04\/lukow-lapiguz-mieszkancy05.jpg\" title=\"\" alt=\"\" width=\"500\" height=\"341\" \/><\/a>","protected":false},"excerpt":{"rendered":"<p>Severin Worm-Petersen (1857 &#8211; 1933) by\u0142 prekursorem Norweskiej fotografii. Uda\u0142o mu si\u0119 utrwali\u0107 wiele kluczowych wydarze\u0144 z historii swojego kraju, interesowa\u0142 si\u0119 r\u00f3wnie\u017c fotografi\u0105 typ\u00f3w ludzkich. Severin Worm-Petersen. Fotografia wykonana w atelier Ludwika Szacinskisa w 1899 r. Dzi\u0119ki swojej pasji du\u017co podr\u00f3\u017cowa\u0142. Mi\u0119dzy innymi wraz z niemieckimi \u017co\u0142nierzami w 1916 roku zaw\u0119drowa\u0142 na front wschodni I wojny \u015bwiatowej. Wykona\u0142 tam &#8230;<\/p>\n","protected":false},"author":1,"featured_media":4784,"comment_status":"open","ping_status":"open","sticky":false,"template":"","format":"standard","meta":[],"categories":[30],"tags":[1543,1526,1664,1665],"_links":{"self":[{"href":"https:\/\/www.lukow-historia.pl\/index.php?rest_route=\/wp\/v2\/posts\/4773"}],"collection":[{"href":"https:\/\/www.lukow-historia.pl\/index.php?rest_route=\/wp\/v2\/posts"}],"about":[{"href":"https:\/\/www.lukow-historia.pl\/index.php?rest_route=\/wp\/v2\/types\/post"}],"author":[{"embeddable":true,"href":"https:\/\/www.lukow-historia.pl\/index.php?rest_route=\/wp\/v2\/users\/1"}],"replies":[{"embeddable":true,"href":"https:\/\/www.lukow-historia.pl\/index.php?rest_route=%2Fwp%2Fv2%2Fcomments&post=4773"}],"version-history":[{"count":16,"href":"https:\/\/www.lukow-historia.pl\/index.php?rest_route=\/wp\/v2\/posts\/4773\/revisions"}],"predecessor-version":[{"id":4815,"href":"https:\/\/www.lukow-historia.pl\/index.php?rest_route=\/wp\/v2\/posts\/4773\/revisions\/4815"}],"wp:featuredmedia":[{"embeddable":true,"href":"https:\/\/www.lukow-historia.pl\/index.php?rest_route=\/wp\/v2\/media\/4784"}],"wp:attachment":[{"href":"https:\/\/www.lukow-historia.pl\/index.php?rest_route=%2Fwp%2Fv2%2Fmedia&parent=4773"}],"wp:term":[{"taxonomy":"category","embeddable":true,"href":"https:\/\/www.lukow-historia.pl\/index.php?rest_route=%2Fwp%2Fv2%2Fcategories&post=4773"},{"taxonomy":"post_tag","embeddable":true,"href":"https:\/\/www.lukow-historia.pl\/index.php?rest_route=%2Fwp%2Fv2%2Ftags&post=4773"}],"curies":[{"name":"wp","href":"https:\/\/api.w.org\/{rel}","templated":true}]}}