{"id":6512,"date":"2018-03-05T17:19:49","date_gmt":"2018-03-05T15:19:49","guid":{"rendered":"https:\/\/www.lukow-historia.pl\/?p=6512"},"modified":"2018-03-28T17:46:45","modified_gmt":"2018-03-28T15:46:45","slug":"ksiaze-w-lukowie","status":"publish","type":"post","link":"https:\/\/www.lukow-historia.pl\/?p=6512","title":{"rendered":"Ksi\u0105\u017c\u0119 w \u0141ukowie"},"content":{"rendered":"<p style=\"text-align: justify\">W dniu 31-ym lipca r. b. <em>(1897)<\/em> J . O . ks. Imereti\u0144ski, jad\u0105c z Bia\u0142ej do Siedlec, zatrzyma\u0142 si\u0119 przez 15 minut w \u0141ukowie. Na przyj\u0119cie J. O. ksi\u0119cia przy dworcu kolejowym urz\u0105dzono bram\u0119 tryumfaln\u0105, przystrojon\u0105 flagami i zieleni\u0105. Na bramie umieszczono cyfr\u0119 i herb J. O. ksi\u0119cia, otoczone kwiatami. Na dworcu kolejowym, opr\u00f3cz duchowie\u0144stwa i przedstawicieli w\u0142adz cywilnych i wojskowych, znajdowa\u0142y si\u0119 t\u0142umy publiczno\u015bci oraz stra\u017c ogniowa ochotnicza w pe\u0142nym rynsztunku, z muzyk\u0105 amatorsk\u0105 na czele. W chwili przybycia poci\u0105gu, muzyka zagra\u0142a marsza powitalnego. J. O. ksi\u0105\u017c\u0119, przyj\u0105wszy raporty od naczelnika powiatu i przedstawicieli w\u0142adz, powita\u0142 stra\u017c, poczem przy bramie tryumfalnej przyj\u0105\u0142 bukiet, wr\u0119czony przez trzy panienki w bieli w imieniu dam \u0142ukowskich. Komisarz w\u0142o\u015bcia\u0144ski na czele w\u00f3jt\u00f3w, so\u0142tys\u00f3w i pisarzy gminnych, burmistrz na czele deputacji obywateli miejskich i rabin z kahalem witali J. O. ksi\u0119cia, podaj\u0105c chleb i s\u00f3l. Po przyj\u0119ciu deputacyj, naczelnik stra\u017cy ochotniczej w imieniu stowarzyszenia prosi\u0142 J. O ksi\u0119cia o przyj\u0119cie tytu\u0142u cz\u0142onka honorowego stra\u017cy \u0142ukowskiej. J. O. ksi\u0105\u017c\u0119 tytu\u0142 przyj\u0105\u0142. W chwili, kiedy J. O. ksi\u0105\u017c\u0119 wchodzi\u0142 do wagonu orkiestra zagra\u0142a marsza po\u017cegnalnego, kt\u00f3rego J. O. jenera\u0142 gubernator s\u0142ucha\u0142, stoj\u0105c na ganku wagonu. Publiczno\u015b\u0107 wznosi\u0142a na po\u017cegnanie gromkie okrzyki.<\/p>\n<p><em>\u0179r\u00f3d\u0142o: &#8220;Kurjer Warszawski&#8221; Nr. 223 Dnia (2) 14 sierpnia 1897 r.<\/em><\/p>\n<hr>\n<a rel=\"prettyPhoto\" href=\"https:\/\/www.lukow-historia.pl\/wp-content\/uploads\/2018\/03\/kurierwarszawski.jpg\" title=\"\"><img class=\"framed aligncenter\" src=\"https:\/\/www.lukow-historia.pl\/wp-content\/uploads\/2018\/03\/kurierwarszawski.jpg\" title=\"\" alt=\"\" width=\"500\" height=\"101\" \/><\/a><hr>\n<a rel=\"prettyPhoto\" href=\"https:\/\/www.lukow-historia.pl\/wp-content\/uploads\/2018\/03\/imeretynski.png\" title=\"\"><img class=\"framed aligncenter\" src=\"https:\/\/www.lukow-historia.pl\/wp-content\/uploads\/2018\/03\/imeretynski.png\" title=\"\" alt=\"\" width=\"300\" height=\"397\" \/><\/a><p style=\"text-align: center\"><a href=\"https:\/\/pl.wikipedia.org\/wiki\/Aleksandr_Imerety%C5%84ski\" target=\"blank\">Aleksander Bagration-Imerety\u0144ski<\/a><br \/>\nwpis w Wikipedii.<\/p>\n","protected":false},"excerpt":{"rendered":"<p>W dniu 31-ym lipca r. b. (1897) J . O . ks. Imereti\u0144ski, jad\u0105c z Bia\u0142ej do Siedlec, zatrzyma\u0142 si\u0119 przez 15 minut w \u0141ukowie. Na przyj\u0119cie J. O. ksi\u0119cia przy dworcu kolejowym urz\u0105dzono bram\u0119 tryumfaln\u0105, przystrojon\u0105 flagami i zieleni\u0105. Na bramie umieszczono cyfr\u0119 i herb J. O. ksi\u0119cia, otoczone kwiatami. Na dworcu kolejowym, opr\u00f3cz duchowie\u0144stwa i przedstawicieli w\u0142adz cywilnych &#8230;<\/p>\n","protected":false},"author":1,"featured_media":6517,"comment_status":"open","ping_status":"open","sticky":false,"template":"","format":"standard","meta":[],"categories":[11],"tags":[85,2183,67,2184],"_links":{"self":[{"href":"https:\/\/www.lukow-historia.pl\/index.php?rest_route=\/wp\/v2\/posts\/6512"}],"collection":[{"href":"https:\/\/www.lukow-historia.pl\/index.php?rest_route=\/wp\/v2\/posts"}],"about":[{"href":"https:\/\/www.lukow-historia.pl\/index.php?rest_route=\/wp\/v2\/types\/post"}],"author":[{"embeddable":true,"href":"https:\/\/www.lukow-historia.pl\/index.php?rest_route=\/wp\/v2\/users\/1"}],"replies":[{"embeddable":true,"href":"https:\/\/www.lukow-historia.pl\/index.php?rest_route=%2Fwp%2Fv2%2Fcomments&post=6512"}],"version-history":[{"count":6,"href":"https:\/\/www.lukow-historia.pl\/index.php?rest_route=\/wp\/v2\/posts\/6512\/revisions"}],"predecessor-version":[{"id":6521,"href":"https:\/\/www.lukow-historia.pl\/index.php?rest_route=\/wp\/v2\/posts\/6512\/revisions\/6521"}],"wp:featuredmedia":[{"embeddable":true,"href":"https:\/\/www.lukow-historia.pl\/index.php?rest_route=\/wp\/v2\/media\/6517"}],"wp:attachment":[{"href":"https:\/\/www.lukow-historia.pl\/index.php?rest_route=%2Fwp%2Fv2%2Fmedia&parent=6512"}],"wp:term":[{"taxonomy":"category","embeddable":true,"href":"https:\/\/www.lukow-historia.pl\/index.php?rest_route=%2Fwp%2Fv2%2Fcategories&post=6512"},{"taxonomy":"post_tag","embeddable":true,"href":"https:\/\/www.lukow-historia.pl\/index.php?rest_route=%2Fwp%2Fv2%2Ftags&post=6512"}],"curies":[{"name":"wp","href":"https:\/\/api.w.org\/{rel}","templated":true}]}}