{"id":6890,"date":"2018-05-05T22:47:56","date_gmt":"2018-05-05T20:47:56","guid":{"rendered":"https:\/\/www.lukow-historia.pl\/?p=6890"},"modified":"2018-08-05T23:01:28","modified_gmt":"2018-08-05T21:01:28","slug":"konstanty-mirecki","status":"publish","type":"post","link":"https:\/\/www.lukow-historia.pl\/?p=6890","title":{"rendered":"Konstanty Mirecki"},"content":{"rendered":"<p><em>\u015a. p. Konstanty Mirecki.<\/em><\/p>\n<p style=\"text-align: justify\">W dniu 12 kwietnia r. b. <em>(1903)<\/em> zmar\u0142 w Radomiu \u015b. p. Konstanty Mirecki, kt\u00f3ry zapisa\u0142 blizko p\u00f3\u0142 miliona rubli na cele u\u017cyteczno\u015bci publicznej i dobroczynne.<\/p>\n<p style=\"text-align: justify\">Urodzony w roku 1805 w \u0141ukowie (gub. Siedlecka), syn lekarza wojskowego, towarzysz\u0105cego Napoleonowi w jego kampaniach, po uko\u0144czeniu edukacyi u ksks. Pijar\u00f3w, po\u015bwi\u0119ci\u0142 si\u0119 \u017cmudnemu zawodowi nauczyciela prywatnego na wsi. O\u017ceniwszy si\u0119 z w\u0142a\u015bcicielk\u0105 d\u00f3br Rozniszew w pow. Kozienickim, osiad\u0142 na roli i po\u015bwi\u0119ci\u0142 si\u0142y swe pracy na zagonie, gor\u0105co przez si\u0119 umi\u0142owanym.<\/p>\n<a rel=\"prettyPhoto\" href=\"https:\/\/www.lukow-historia.pl\/wp-content\/uploads\/2018\/08\/konstanty-mirecki.jpg\" title=\"\"><img class=\"framed aligncenter\" src=\"https:\/\/www.lukow-historia.pl\/wp-content\/uploads\/2018\/08\/konstanty-mirecki.jpg\" title=\"\" alt=\"\" width=\"400\" height=\"373\" \/><\/a><p style=\"text-align: center\">KONSTANTY MIRECKI<br \/>\nFot. J. Grodzickiego w Radomiu.<\/p>\n<p style=\"text-align: justify\">Na lat kilka przed \u015bmierci\u0105 przeni\u00f3s\u0142 si\u0119 do Radomia, gdzie w wieku lat 88 pracowitego \u017cywota dokona\u0142, zapisawszy testamentem po <em>50,000 rubli<\/em> na Akademi\u0119 Umiej\u0119tno\u015bci w Krakowie i na odnowienie Zamku na Wawelu; po <em>40,000 rb.<\/em> na za\u0142o\u017cenie szko\u0142y rzemie\u015blniczej w Warszawie, na szpital \u015bw. Kazimierza w Radomiu pod warunkiem wybudowania nowego gmachu i na zasi\u0142ki dla Polak\u00f3w i katolik\u00f3w, kszta\u0142c\u0105cych si\u0119 w zawodzie rolniczym lub rzemie\u015blniczym; <em>20,000 rb.<\/em> na stypendya dla Polak\u00f3w i katolik\u00f3w, pobieraj\u0105cych nauki w \u015brednich zak\u0142adach naukowych i w uniwersytecie; po <em>15,000 rb.<\/em> na tani\u0105 kuchni\u0119 dla niezamo\u017cnej m\u0142odzie\u017cy i rzemie\u015blnik\u00f3w w Warszawie i na Towarzystwo osad rolnych w Warszawie; po <em>10,000 rb.<\/em> na szko\u0142\u0119 ogrodnicz\u0105 przy ogrodzie Pomologicznym w Warszawie, na szpitalik dzieci\u0119cy przy ulicy Aleksandrya w Warszawie, na ochronk\u0119 dziecinn\u0105 katolick\u0105 w Radomiu i na dom przytu\u0142ku i pracy w Radomiu; po <em>6,000 rb.<\/em> na instytucy\u0119 ja\u0142mu\u017cnicz\u0105 \u015bw. Kazimierza w Warszawie na dora\u017an\u0105 pomoc dla wstydz\u0105cych si\u0119 \u017cebra\u0107, na utrzymanie dw\u00f3ch \u0142\u00f3\u017cek w szpitalu \u015bw. Kazimierza w Radomiu, na odnowienie ko\u015bcio\u0142a po-Bernardy\u0144skiego w Radomiu i na Towarzystwo Dobroczynno\u015bci w Radomiu; <em>3,000 rb.<\/em> na szpitalik dziecinny w Radomiu; <em>500 rb.<\/em> dla dora\u017anego rozdania ubogim w Radomiu, wed\u0142ug uznania egzekutora testamentu, adw. przys. Boles\u0142awa Przy\u0142\u0119ckiego, wreszcie, <em>5,000 rb.<\/em> na koszty pogrzebu, grobu i pomnika testatora, z przeznaczeniem reszty tej kwoty, o ile nie b\u0119dzie wydatkowana, dla ubogich.<\/p>\n<p style=\"text-align: justify\">Ca\u0142a reszta masy spadkowej, wynosz\u0105ca oko\u0142o <em>60,000 r.<\/em>, ma powi\u0119kszy\u0107 fundusze na budow\u0119 nowego ko\u015bcio\u0142a w Radomiu; opr\u00f3cz tego, za \u017cycia jeszcze, ofiarowa\u0142 \u015b. p. Mirecki <em>66,000 rb.<\/em> na wielki o\u0142tarz, ambon\u0119 i dwie wie\u017ce na nowym ko\u015bciele w Radomiu.<\/p>\n<p style=\"text-align: justify\">Krewni otrzymali <em>88,000 rb.<\/em><\/p>\n<p style=\"text-align: justify\">Pogrzeb odby\u0142 si\u0119 przy licznym udziale wszystkich stan\u00f3w; na nabo\u017ce\u0144stwie \u017ca\u0142obnem wykona\u0142a &#8220;Lutnia&#8221; radomska utwory wokalne i muzyczne; na cmentarzu przemawia\u0142 rejent Adam Piasecki.<\/p>\n<p><em>Autor: i.<br \/>\n\u0179r\u00f3d\u0142o: &#8220;Tygodnik Illustrowany&#8221; Nr 18, 2 maja (19 kwietnia) 1903 roku<\/em><\/p>\n","protected":false},"excerpt":{"rendered":"<p>\u015a. p. Konstanty Mirecki. W dniu 12 kwietnia r. b. (1903) zmar\u0142 w Radomiu \u015b. p. Konstanty Mirecki, kt\u00f3ry zapisa\u0142 blizko p\u00f3\u0142 miliona rubli na cele u\u017cyteczno\u015bci publicznej i dobroczynne. Urodzony w roku 1805 w \u0141ukowie (gub. Siedlecka), syn lekarza wojskowego, towarzysz\u0105cego Napoleonowi w jego kampaniach, po uko\u0144czeniu edukacyi u ksks. Pijar\u00f3w, po\u015bwi\u0119ci\u0142 si\u0119 \u017cmudnemu zawodowi nauczyciela prywatnego na wsi. &#8230;<\/p>\n","protected":false},"author":1,"featured_media":6902,"comment_status":"open","ping_status":"open","sticky":false,"template":"","format":"standard","meta":[],"categories":[11,30],"tags":[2387,2386],"_links":{"self":[{"href":"https:\/\/www.lukow-historia.pl\/index.php?rest_route=\/wp\/v2\/posts\/6890"}],"collection":[{"href":"https:\/\/www.lukow-historia.pl\/index.php?rest_route=\/wp\/v2\/posts"}],"about":[{"href":"https:\/\/www.lukow-historia.pl\/index.php?rest_route=\/wp\/v2\/types\/post"}],"author":[{"embeddable":true,"href":"https:\/\/www.lukow-historia.pl\/index.php?rest_route=\/wp\/v2\/users\/1"}],"replies":[{"embeddable":true,"href":"https:\/\/www.lukow-historia.pl\/index.php?rest_route=%2Fwp%2Fv2%2Fcomments&post=6890"}],"version-history":[{"count":9,"href":"https:\/\/www.lukow-historia.pl\/index.php?rest_route=\/wp\/v2\/posts\/6890\/revisions"}],"predecessor-version":[{"id":6900,"href":"https:\/\/www.lukow-historia.pl\/index.php?rest_route=\/wp\/v2\/posts\/6890\/revisions\/6900"}],"wp:featuredmedia":[{"embeddable":true,"href":"https:\/\/www.lukow-historia.pl\/index.php?rest_route=\/wp\/v2\/media\/6902"}],"wp:attachment":[{"href":"https:\/\/www.lukow-historia.pl\/index.php?rest_route=%2Fwp%2Fv2%2Fmedia&parent=6890"}],"wp:term":[{"taxonomy":"category","embeddable":true,"href":"https:\/\/www.lukow-historia.pl\/index.php?rest_route=%2Fwp%2Fv2%2Fcategories&post=6890"},{"taxonomy":"post_tag","embeddable":true,"href":"https:\/\/www.lukow-historia.pl\/index.php?rest_route=%2Fwp%2Fv2%2Ftags&post=6890"}],"curies":[{"name":"wp","href":"https:\/\/api.w.org\/{rel}","templated":true}]}}