{"id":7101,"date":"2019-03-21T14:06:00","date_gmt":"2019-03-21T12:06:00","guid":{"rendered":"https:\/\/www.lukow-historia.pl\/?p=7101"},"modified":"2022-12-30T14:45:50","modified_gmt":"2022-12-30T12:45:50","slug":"kronika-lukowska","status":"publish","type":"post","link":"https:\/\/www.lukow-historia.pl\/?p=7101","title":{"rendered":"Kronika \u0141ukowska"},"content":{"rendered":"<h5>Z \u017cycia prowincji.<\/h5>\n<p style=\"text-align: right\">\n<strong>\u0141UK\u00d3W.<\/strong><\/p>\n<p style=\"text-align: justify\">Znalaz\u0142em si\u0119 przed paru dniami na bruku wojew\u00f3dzkiego Lublina. Zasko\u00adczony w jakim\u015b urz\u0119dzie przez jednego z znajomych mi cz\u0142onk\u00f3w Redakcji &#8220;G\u0142osu Lubelskiego&#8221; szeregiem pyta\u0144 na temat \u017cycia \u0142ukowskiego, poczyna\u0144 i pracy spo\u0142ecznej obywateli \u0141ukowa i powiatu \u0142ukowskiego, i zobligowany przez tego\u017c do napisania koresponden\u00adcji z \u0141ukowa, bior\u0119 w r\u0119k\u0119 swe pi\u00f3ro nieudolne, by szerszy \u015bwiat poinformo\u00adwa\u0107 o tem, co si\u0119 u nas dzieje. Wpra\u00adwdzie miesi\u0119cznik &#8220;Gazeta \u0141ukowska&#8221;, wychodz\u0105ca regularnie od 1 1\/2 roku pocz\u0105tkowo pod redakcj\u0105 p S. Raczy\u0144\u00adskiego, a obecnie p. J. Majewskiego, daje staranny obraz stosunk\u00f3w \u0142ukow\u00adskich, jednak\u017ce nie si\u0119ga ona poza granice powiatu, a je\u017celi nawet je przekra\u00adcza, to w zakresie bardzo nik\u0142ym. Dla\u00adtego te\u017c nie uchylam si\u0119 od danego zobowi\u0105zania i z dniem dzisiejszym roz\u00adpoczynam w &#8220;G\u0142osie&#8221; kronik\u0119 \u0142ukowsk\u0105.<\/p>\n<p style=\"text-align: justify\">Wi\u0119c najpierw o prze\u017cywanych przez nas &#8220;ci\u0119\u017ckich czasach&#8221;, bo\u0107 nie masz chyba rozmowy, masz chyba korespondencji, kt\u00f3rejby si\u0119 uda\u0142o unikn\u0105\u0107 tego powszedniego tematu.<\/p>\n<p style=\"text-align: justify\">Prze\u017cywa ci\u0119\u017ckie czasy nasza nieliczna inteligiencja. Ugina si\u0119 przymieraj\u0105\u00adca g\u0142odem, bo\u0107 na niej wy\u0142\u0105cznie le\u017cy wszelka praca spo\u0142eczna, do jej kiesze\u00adni pukaj\u0105 wci\u0105\u017c, czy to w czasie &#8220;Ty\u00adgodnia Macierzy Szkolnej&#8221;, czy w czasie &#8220;Tygodnia Akademika&#8221; lub &#8220;Policjanta&#8221;, czy w czasie Tygodnia &#8220;Czerwonego Krzy\u017ca&#8221;, czy te\u017c w czasie wie\u00adlu, bardzo wielu innych tygodni, a musi te\u017c op\u0142aca\u0107 sk\u0142adki cz\u0142onkowskie w organizacjach miejscowych, kt\u00f3rych i tu w \u0141ukowie nie brak. W pracy i ofiarno\u015bci jednak nie ustaje, a w nagro\u00add\u0105 przez autuchtonnych suweren\u00f3w nazywani bywaj\u0105 inteligenci przyb\u0142\u0119dami. Liczy\u0107 si\u0119 z inteligencj\u0105 niema potrze\u00adby, bo kieszenie jej \u015bwiec\u0105 pustkami.<\/p>\n<p style=\"text-align: justify\">Pustki te\u017c w kasie sejmikowej nie da\u0142y w roku bie\u017c\u0105cym kontynuowa\u0107 w przewidzianym planami zakresie bu\u00addowy dr\u00f3g bitych, doko\u0142a kt\u00f3rych pra\u00adce przygotowawcze ju\u017c w roku ubieg\u0142ym zosta\u0142y wykonane. Projektowane szosy \u0141uk\u00f3w \u2014 Trzebiesz\u00f3w, \u0141uk\u00f3w \u2014 Stoczek i \u0141uk\u00f3w \u2014 Wojcieszk\u00f3w przyczyni\u0105 si\u0119 nie ma\u0142o do wzmo\u017cenia ruchu w po\u00adwiecie, a i umo\u017cliwi\u0105 rozpowszechniaj\u0105c\u0105 si\u0119 coraz bardziej komunikacj\u0105 samochodow\u0105.<\/p>\n<p style=\"text-align: justify\">&#8220;Taksy&#8221; zjawi\u0142y si\u0119 ju\u017c i na bruku \u0142ukowskim. Na razie w liczbie dwu. Cie\u00adsz\u0105 si\u0119 powodzeniem, a szczeg\u00f3lniej s\u0105 rozchwytywane na dalsze wyjazdy. Autobusowa komunikacja zaprowa\u00addzona zosta\u0142a pomi\u0119dzy \u0141ukowem i \u017be\u00adlechowem, \u0141ukowem i Stoczkiem, oraz mi\u0119dzy Stoczkiem i Mi\u0144skiem Mazowieckim.<\/p>\n<p style=\"text-align: justify\">Autobus stoczkowski to przedsi\u0119bior\u00adstwo magistratu m. Stoczka. Szcz\u0119\u015bliw\u0105 my\u015bl powzi\u0105\u0142 burmistrz Stoczka p. Wielgosek, zasilaj\u0105c w ten spos\u00f3b kas\u0119 miejsk\u0105. Powiadaj\u0105, \u017ce dochody z auto\u00adbusu pokry\u0107 mog\u0105 ca\u0142oroczny bud\u017cet tego miasta.<\/p>\n<p style=\"text-align: justify\">Nie gorzej gospodarzy burmistrz m. \u0141ukowa p. A. Stilkr. W czasie p\u00f3\u0142tora rocznej niespe\u0142na kadencji potrafi\u0142 ure\u00adgulowa\u0107 zabagnion\u0105 spraw\u0119 elektrowni, kt\u00f3r\u0105 uruchomi\u0142, a obecnie miasto for\u00admalnie zalane jest \u015bwiat\u0142em. Da\u0142o to ju\u017c wyniki dodatnie, bo cz\u0119sto dawniej w kronice miasta notowane kradzie\u017ce si\u0119 zmniejszy\u0142y a awantury i b\u00f3jki nocne prawie zupe\u0142nie usta\u0142y.<\/p>\n<p style=\"text-align: justify\">Drugim dzie\u0142em burmistrza Stilkra, z kt\u00f3rego mo\u017ce by\u0107 naprawd\u0119 dumny, jest budowa szko\u0142y powszechnej. Oto w chwili obecnej przy pomocy zapomo\u00adgi rz\u0105dowej, kosztem 99000 z\u0142otych, bu\u00adduje si\u0119 w mie\u015bcie pierwszy gmach murowany, pi\u0119trowy, okaza\u0142y, jak przy stoi dla szko\u0142y. B\u0119dzie ozdob\u0105 nie tylko ul. Kolejowej, ale i ca\u0142ego miasta. Na pierwsze dnie pa\u017adziernika wyznaczone jest uroczyste po\u015bwi\u0119cenie fundamen\u00adt\u00f3w tej uczelni. Nie wszyscy, niestety, obywatele, co z przykro\u015bci\u0105 stwierdzi\u0107 nale\u017cy, s\u0105 zadowoleni z tego. Maj\u0105 za z\u0142e, \u017ce roboty wykonywa in\u017c. Borawski z Bia\u0142ej, e nie miejscowy przedsi\u0119biorca, kt\u00f3ry, notabene, w czasie przetargu si\u0119 nie utrzyma\u0142, gdy\u017c chcia\u0142 o 5000 z\u0142otych wi\u0119cej. Ten niewczesny patrjotyzm lokalny fatalnie odbija si\u0119 na go\u00adspodarce miejskiej. Nawet rada miejska jest terenem najnies\u0142uszniejszych napa\u00ad\u015bci na burmistrza.<\/p>\n<p style=\"text-align: justify\">Radni nieomal analfabeci przywdzie\u00adwaj\u0105 tog\u0119 znawc\u00f3w. Krytykuj\u0105 zawzi\u0119cie buduj\u0105cy si\u0119 w chwili obecnej kana\u0142 miejski i znowu istotn\u0105 przyczyn\u0105 tej krytyki jest to, \u017ce budowy podj\u0105\u0142 si\u0119 in\u017c. Zach, a nie miejscowy przed\u00adsi\u0119biorca. A tymczasem kana\u0142 betonowy, 500 metr\u00f3w d\u0142ugo\u015bci, o kt\u00f3rym od kilkunastu lat m\u00f3wiono w \u0141ukowie, a magistrat miasta w tej sprawie posiada ca\u0142\u0105 literatur\u0119 protoko\u0142\u00f3w, uchwa\u0142 i wszelakiego rodzaju korespondencji, za\u00adwdzi\u0119czaj\u0105c burmistrzowi wkr\u00f3tce przybierze kszta\u0142ty realne. I w tym poczy\u00adnaniu zamiast poparcia burmistrz znaj\u00adduje tylko sprzeciwy i przeszkody ze strony zar\u00f3wno radnych, jak obywateli miasta.<\/p>\n<p style=\"text-align: justify\">Ju\u017c si\u0119 dzi\u015b m\u00f3wi, \u017ce przysz\u0142e wybo\u00adry do rady miejskiej inteligencji do tej instytucji nie dopuszcz\u0105, a miesi\u0105ce burmistrza s\u0105 policzone. Szkoda by\u0142aby wielka, gdyby tak si\u0119 sta\u0107 mia\u0142o, bo miasto p. Stilkrowi ma wiele do zaw\u00addzi\u0119czenia: i 4 studnie artezyjskie, wy\u00adwiercone w czasie ubieg\u0142ego lata, a do\u00adstarczaj\u0105ce w obfito\u015bci dobrej i zdrowej wody mieszka\u0144com, i zabrukowanie ul. Glinki, kt\u00f3ra w porze deszczo\u00adwej by\u0142a nie do przebycia, i elektrow\u00adni\u0105, i kana\u0142 odp\u0142ywowy, i budow\u0105 szko\u00ad\u0142y. Projektuje burmistrz budow\u0105 nowej rze\u017ani, hali targowej, urz\u0105dzenie skwe\u00adru na Rynku G\u0142\u00f3wnym, urz\u0105dzenie parku miejskiego na gruntach majoratu &#8220;Starostwo&#8221;, kt\u00f3re niebawem maj\u0105 by\u0107 przekazane przez Ministerstwo Rolnictwa i D\u00f3br Pa\u0144stwowych miastu. Po bezczynno\u015bci poprzednik\u00f3w obecny bur\u00admistrz, zwa\u017cywszy na trudno\u015bci finan\u00adsowe miasta, zdzia\u0142a\u0142 bardzo wiele i m\u00f3g\u0142by zdzia\u0142a\u0107 du\u017co wi\u0119cej w przysz\u0142o\u015bci, gdyby mia\u0142 pomoc i poparcie wsp\u00f3\u0142obywateli. Ale sukcesy burmistrza Stilkra nie daj\u0105 spa\u0107 wielu mieszka\u0144\u00adcom miasta.<\/p>\n<p style=\"text-align: justify\">Posiada \u0141uk\u00f3w, jak niesie fama, i band\u0119 podpalaczy. Ostatnie wrze\u015bniowe po\u017cary, a by\u0142o ich 3 w mie\u015bcie w ci\u0105gu niespe\u0142na miesi\u0105ca da\u0142y podstaw\u0105 tych wersji.<\/p>\n<p style=\"text-align: justify\">Sp\u0142on\u0105\u0142 wi\u0119c d. 8 wrze\u015bnia m\u0142yn mo\u00adtorowy p Wi\u00f3rkowskiego, 13 go pastw\u0105 p\u0142omieni sta\u0142y si\u0119 stodo\u0142y, wype\u0142nione zbo\u017cem, w liczbie 5 przy ul. Siedleckiej, a 25 go strawi\u0142 ogie\u0144 2 domy przy szo\u00adsie \u017belechowskiej. Nios\u0142a we wszyst\u00adkich 3 wypadkach pomoc miejscowa ochotnicza stra\u017c ogniowa, jej to zaw\u00addzi\u0119czaj\u0105c, miasto unikn\u0119\u0142o wi\u0119kszego niebezpiecze\u0144stwa, istotn\u0105 przyczyn\u0105 po\u017car\u00f3w \u0142ukowskich jest jednak\u017ce ra\u00adczej nieostro\u017cno\u015b\u0107 obywateli, chocia\u017c i podpalenie nie jest wykluczone.<\/p>\n<p style=\"text-align: justify\">Znalaz\u0142a si\u0119 tu jednak inna grupa osobnik\u00f3w, tworz\u0105ca &#8220;jaczejk\u0119 komunistyczn\u0105&#8221;, wykryta przed paru dniami, sk\u0142ada\u0142a si\u0119 z 7-iu os\u00f3b, a mianowicie: 4 \u017cyd\u00f3w, 2 \u017cyd\u00f3wki i 1-go polaka. Aresztowani pow\u0119drowali do Siedlec, by tam oczekiwa\u0107 wymiaru sprawiedliwo\u015bci.<\/p>\n<p style=\"text-align: right\"><strong>K &#8230; i<\/strong><\/p>\n<p style=\"text-align: justify\">\u0179r\u00f3d\u0142o: &#8220;G\u0142os Lubelski&#8221; No278, 10 pa\u017adziernika 1925 r.<\/p>\n<a rel=\"prettyPhoto\" href=\"https:\/\/www.lukow-historia.pl\/wp-content\/uploads\/2022\/12\/glos-lubelski-1925.jpg\" title=\"\"><img class=\"framed aligncenter\" src=\"https:\/\/www.lukow-historia.pl\/wp-content\/uploads\/2022\/12\/glos-lubelski-1925.jpg\" title=\"\" alt=\"\" width=\"600\" height=\"199\" \/><\/a>","protected":false},"excerpt":{"rendered":"<p>Z \u017cycia prowincji. \u0141UK\u00d3W. Znalaz\u0142em si\u0119 przed paru dniami na bruku wojew\u00f3dzkiego Lublina. Zasko\u00adczony w jakim\u015b urz\u0119dzie przez jednego z znajomych mi cz\u0142onk\u00f3w Redakcji &#8220;G\u0142osu Lubelskiego&#8221; szeregiem pyta\u0144 na temat \u017cycia \u0142ukowskiego, poczyna\u0144 i pracy spo\u0142ecznej obywateli \u0141ukowa i powiatu \u0142ukowskiego, i zobligowany przez tego\u017c do napisania koresponden\u00adcji z \u0141ukowa, bior\u0119 w r\u0119k\u0119 swe pi\u00f3ro nieudolne, by szerszy \u015bwiat poinformo\u00adwa\u0107 &#8230;<\/p>\n","protected":false},"author":1,"featured_media":7675,"comment_status":"open","ping_status":"open","sticky":false,"template":"","format":"standard","meta":[],"categories":[30],"tags":[669,680,2405,358,2449,354,2450,1787,2401,730,2180,686,2455,2456,2453,1941,1942,2452,2451,1204,2454,249,1737],"_links":{"self":[{"href":"https:\/\/www.lukow-historia.pl\/index.php?rest_route=\/wp\/v2\/posts\/7101"}],"collection":[{"href":"https:\/\/www.lukow-historia.pl\/index.php?rest_route=\/wp\/v2\/posts"}],"about":[{"href":"https:\/\/www.lukow-historia.pl\/index.php?rest_route=\/wp\/v2\/types\/post"}],"author":[{"embeddable":true,"href":"https:\/\/www.lukow-historia.pl\/index.php?rest_route=\/wp\/v2\/users\/1"}],"replies":[{"embeddable":true,"href":"https:\/\/www.lukow-historia.pl\/index.php?rest_route=%2Fwp%2Fv2%2Fcomments&post=7101"}],"version-history":[{"count":13,"href":"https:\/\/www.lukow-historia.pl\/index.php?rest_route=\/wp\/v2\/posts\/7101\/revisions"}],"predecessor-version":[{"id":7673,"href":"https:\/\/www.lukow-historia.pl\/index.php?rest_route=\/wp\/v2\/posts\/7101\/revisions\/7673"}],"wp:featuredmedia":[{"embeddable":true,"href":"https:\/\/www.lukow-historia.pl\/index.php?rest_route=\/wp\/v2\/media\/7675"}],"wp:attachment":[{"href":"https:\/\/www.lukow-historia.pl\/index.php?rest_route=%2Fwp%2Fv2%2Fmedia&parent=7101"}],"wp:term":[{"taxonomy":"category","embeddable":true,"href":"https:\/\/www.lukow-historia.pl\/index.php?rest_route=%2Fwp%2Fv2%2Fcategories&post=7101"},{"taxonomy":"post_tag","embeddable":true,"href":"https:\/\/www.lukow-historia.pl\/index.php?rest_route=%2Fwp%2Fv2%2Ftags&post=7101"}],"curies":[{"name":"wp","href":"https:\/\/api.w.org\/{rel}","templated":true}]}}